{"id":3329,"date":"2026-03-17T05:30:00","date_gmt":"2026-03-17T09:30:00","guid":{"rendered":"https:\/\/anchorsforlife.org\/?p=3329"},"modified":"2026-03-16T22:49:32","modified_gmt":"2026-03-17T02:49:32","slug":"the-leader-of-praise","status":"publish","type":"post","link":"https:\/\/anchorsforlife.org\/pt\/the-leader-of-praise\/","title":{"rendered":"O L\u00edder do Louvor"},"content":{"rendered":"<div data-elementor-type=\"wp-post\" data-elementor-id=\"3329\" class=\"elementor elementor-3329\" data-elementor-post-type=\"post\">\n\t\t\t\t\t\t<section class=\"elementor-section elementor-top-section elementor-element elementor-element-12026b1 elementor-section-boxed elementor-section-height-default elementor-section-height-default\" data-id=\"12026b1\" data-element_type=\"section\" data-e-type=\"section\">\n\t\t\t\t\t\t<div class=\"elementor-container elementor-column-gap-default\">\n\t\t\t\t\t<div class=\"elementor-column elementor-col-100 elementor-top-column elementor-element elementor-element-6873b8b\" data-id=\"6873b8b\" data-element_type=\"column\" data-e-type=\"column\">\n\t\t\t<div class=\"elementor-widget-wrap elementor-element-populated\">\n\t\t\t\t\t\t<div class=\"elementor-element elementor-element-e2eaaca elementor-widget elementor-widget-heading\" data-id=\"e2eaaca\" data-element_type=\"widget\" data-e-type=\"widget\" data-widget_type=\"heading.default\">\n\t\t\t\t<div class=\"elementor-widget-container\">\n\t\t\t\t\t<h2 class=\"elementor-heading-title elementor-size-default\">O L\u00edder do Louvor<\/h2>\t\t\t\t<\/div>\n\t\t\t\t<\/div>\n\t\t\t\t<div class=\"elementor-element elementor-element-c8de823 elementor-widget elementor-widget-text-editor\" data-id=\"c8de823\" data-element_type=\"widget\" data-e-type=\"widget\" data-widget_type=\"text-editor.default\">\n\t\t\t\t<div class=\"elementor-widget-container\">\n\t\t\t\t\t\t\t\t\t<div class=\"LIN-HeadVerse\"><p style=\"text-align: center;\"><em>Anunciarei o teu nome aos meus irm\u00e3os; no meio da assembleia, eu te louvarei. <br \/><strong>Salmo 22:22<\/strong><\/em><\/p><\/div><div class=\"LIN-Text\"><p>Nosso texto de hoje fala sobre ressurrei\u00e7\u00e3o. Em Jo\u00e3o 20:17, encontramos que, ap\u00f3s a Sua ressurrei\u00e7\u00e3o, o Senhor Jesus declarou o nome do Pai, dizendo a Maria: \u201cVai aos meus irm\u00e3os e dize-lhes: \u2018Estou subindo para o meu Pai e vosso Pai, para o meu Deus e vosso Deus\u2019\u201d.\u201d<\/p><p>Em Hebreus 2:12, vemos este vers\u00edculo citado, referindo-se novamente ao nosso Senhor ressuscitado, no meio da assembleia, conduzindo os seus em louvor ao Pai! Isso aponta para um dia vindouro em que aquele Cordeiro, como se tivesse sido rec\u00e9m-imolado, estar\u00e1 diante do trono de Deus como o centro da adora\u00e7\u00e3o e do louvor na presen\u00e7a do Pai. Um dia, Ele estar\u00e1 diante do Pai e dir\u00e1: \u201cEis-me aqui, com os filhos que Deus me deu\u201d (Hb 2:13; cf. Is 8:18).<\/p><p>Mas isso tamb\u00e9m nos lembra do que nosso Senhor Jesus est\u00e1 fazendo enquanto nos reunimos em Seu nome agora. Ele toma Seu lugar no meio dos santos, nos guiando em nossa adora\u00e7\u00e3o e louvor ao Pai enquanto derramamos nossos cora\u00e7\u00f5es em louvor a Ele. O Senhor Jesus \u00e9 tanto o objeto de louvor quanto o divino maestro do coro!<\/p><p>Este salmo termina com o Senhor Jesus ocupando o lugar que lhe cabe entre a na\u00e7\u00e3o judaica. H\u00e1 louvor e adora\u00e7\u00e3o a Ele como seu Messias (vv. 23-26), e Ele ter\u00e1 o lugar que lhe cabe na terra, reinando em justi\u00e7a e paz (vv. 27-31).<\/p><p>Ao refletirmos sobre este salmo maravilhoso, por\u00e9m s\u00f3brio, nosso cora\u00e7\u00e3o deve se encher de amor por Aquele que n\u00e3o conheceu pecado e, ainda assim, se fez pecado por n\u00f3s. Reserve um momento para louv\u00e1-Lo pelo que Ele fez na cruz do Calv\u00e1rio por voc\u00ea.<\/p><\/div><p><strong>\u00c2ncora de hoje:<\/strong><br \/><em>Senhor<span style=\"font-family: -apple-system, BlinkMacSystemFont, 'Segoe UI', Roboto, 'Helvetica Neue', Arial, 'Noto Sans', sans-serif, 'Apple Color Emoji', 'Segoe UI Emoji', 'Segoe UI Symbol', 'Noto Color Emoji';\"> Jesus, n\u00f3s te adoramos e nos prostramos aos teus p\u00e9s.,<br \/><\/span><span style=\"font-family: -apple-system, BlinkMacSystemFont, 'Segoe UI', Roboto, 'Helvetica Neue', Arial, 'Noto Sans', sans-serif, 'Apple Color Emoji', 'Segoe UI Emoji', 'Segoe UI Symbol', 'Noto Color Emoji';\">E Te darei a gl\u00f3ria, a honra que Te \u00e9 devida;<br \/><\/span><span style=\"font-family: -apple-system, BlinkMacSystemFont, 'Segoe UI', Roboto, 'Helvetica Neue', Arial, 'Noto Sans', sans-serif, 'Apple Color Emoji', 'Segoe UI Emoji', 'Segoe UI Symbol', 'Noto Color Emoji';\">Por meio de Ti, \u00f3 Salvador, nossos louvores ascendem.<br \/><\/span><span style=\"font-family: -apple-system, BlinkMacSystemFont, 'Segoe UI', Roboto, 'Helvetica Neue', Arial, 'Noto Sans', sans-serif, 'Apple Color Emoji', 'Segoe UI Emoji', 'Segoe UI Symbol', 'Noto Color Emoji';\">A Deus Pai, por todos os s\u00e9culos dos s\u00e9culos.<br \/><\/span>\u2013 Marie de Fleury<\/em><\/p>\t\t\t\t\t\t\t\t<\/div>\n\t\t\t\t<\/div>\n\t\t\t\t\t<\/div>\n\t\t<\/div>\n\t\t\t\t\t<\/div>\n\t\t<\/section>\n\t\t\t\t<\/div>","protected":false},"excerpt":{"rendered":"<p>The Leader Of Praise I will declare Your name to My brethren; in the midst of the assembly, I will praise You. Psalm 22:22 Our text today is resurrection language. We find in John 20:17, after His resurrection, the Lord Jesus declared the name of the Father, saying to Mary, \u201cGo to My brethren and [&hellip;]<\/p>\n","protected":false},"author":1,"featured_media":0,"comment_status":"open","ping_status":"open","sticky":false,"template":"elementor_canvas","format":"standard","meta":{"nf_dc_page":"","_jetpack_newsletter_access":"","_jetpack_dont_email_post_to_subs":false,"_jetpack_newsletter_tier_id":0,"_jetpack_memberships_contains_paywalled_content":false,"_jetpack_feature_clip_id":0,"_jetpack_memberships_contains_paid_content":false,"footnotes":"","jetpack_publicize_message":"","jetpack_publicize_feature_enabled":true,"jetpack_social_post_already_shared":true,"jetpack_social_options":{"image_generator_settings":{"template":"highway","default_image_id":0,"font":"","enabled":false},"version":2},"jetpack_post_was_ever_published":false},"categories":[44],"tags":[],"class_list":["post-3329","post","type-post","status-publish","format-standard","hentry","category-devotional"],"yoast_head":"<!-- This site is optimized with the Yoast SEO plugin v28.4 - https:\/\/yoast.com\/product\/yoast-seo-wordpress\/ -->\n<title>The Leader Of Praise | Anchors For Life<\/title>\n<meta name=\"robots\" content=\"index, follow, max-snippet:-1, max-image-preview:large, max-video-preview:-1\" \/>\n<link rel=\"canonical\" href=\"https:\/\/anchorsforlife.org\/pt\/the-leader-of-praise\/\" \/>\n<meta property=\"og:locale\" content=\"pt_BR\" \/>\n<meta property=\"og:type\" content=\"article\" \/>\n<meta property=\"og:title\" content=\"The Leader Of Praise | Anchors For Life\" \/>\n<meta property=\"og:description\" content=\"The Leader Of Praise I will declare Your name to My brethren; in the midst of the assembly, I will praise You. Psalm 22:22 Our text today is resurrection language. We find in John 20:17, after His resurrection, the Lord Jesus declared the name of the Father, saying to Mary, \u201cGo to My brethren and [&hellip;]\" \/>\n<meta property=\"og:url\" content=\"https:\/\/anchorsforlife.org\/pt\/the-leader-of-praise\/\" \/>\n<meta property=\"og:site_name\" content=\"Anchors For Life\" \/>\n<meta property=\"article:publisher\" content=\"https:\/\/www.facebook.com\/anchorsforlife\" \/>\n<meta property=\"article:published_time\" content=\"2026-03-17T09:30:00+00:00\" \/>\n<meta property=\"og:image\" content=\"https:\/\/i0.wp.com\/anchorsforlife.org\/wp-content\/uploads\/2025\/09\/Youtube-End-Slide-e1769744409320.png?fit=1154%2C597&ssl=1\" \/>\n\t<meta property=\"og:image:width\" content=\"1154\" \/>\n\t<meta property=\"og:image:height\" content=\"597\" \/>\n\t<meta property=\"og:image:type\" content=\"image\/png\" \/>\n<meta name=\"author\" content=\"Anchors For Life\" \/>\n<meta name=\"twitter:card\" content=\"summary_large_image\" \/>\n<meta name=\"twitter:label1\" content=\"Escrito por\" \/>\n\t<meta name=\"twitter:data1\" content=\"Anchors For Life\" \/>\n\t<meta name=\"twitter:label2\" content=\"Est. tempo de leitura\" \/>\n\t<meta name=\"twitter:data2\" content=\"2 minutos\" \/>\n<script type=\"application\/ld+json\" class=\"yoast-schema-graph\">{\"@context\":\"https:\\\/\\\/schema.org\",\"@graph\":[{\"@type\":\"Article\",\"@id\":\"https:\\\/\\\/anchorsforlife.org\\\/the-leader-of-praise\\\/#article\",\"isPartOf\":{\"@id\":\"https:\\\/\\\/anchorsforlife.org\\\/the-leader-of-praise\\\/\"},\"author\":{\"name\":\"Anchors For Life\",\"@id\":\"https:\\\/\\\/anchorsforlife.org\\\/#\\\/schema\\\/person\\\/0683e316720176621d45839989b97fe2\"},\"headline\":\"The Leader Of Praise\",\"datePublished\":\"2026-03-17T09:30:00+00:00\",\"mainEntityOfPage\":{\"@id\":\"https:\\\/\\\/anchorsforlife.org\\\/the-leader-of-praise\\\/\"},\"wordCount\":358,\"commentCount\":0,\"publisher\":{\"@id\":\"https:\\\/\\\/anchorsforlife.org\\\/#organization\"},\"articleSection\":[\"Devotional\"],\"inLanguage\":\"pt-BR\",\"potentialAction\":[{\"@type\":\"CommentAction\",\"name\":\"Comment\",\"target\":[\"https:\\\/\\\/anchorsforlife.org\\\/the-leader-of-praise\\\/#respond\"]}]},{\"@type\":\"WebPage\",\"@id\":\"https:\\\/\\\/anchorsforlife.org\\\/the-leader-of-praise\\\/\",\"url\":\"https:\\\/\\\/anchorsforlife.org\\\/the-leader-of-praise\\\/\",\"name\":\"The Leader Of Praise | Anchors For Life\",\"isPartOf\":{\"@id\":\"https:\\\/\\\/anchorsforlife.org\\\/#website\"},\"datePublished\":\"2026-03-17T09:30:00+00:00\",\"breadcrumb\":{\"@id\":\"https:\\\/\\\/anchorsforlife.org\\\/the-leader-of-praise\\\/#breadcrumb\"},\"inLanguage\":\"pt-BR\",\"potentialAction\":[{\"@type\":\"ReadAction\",\"target\":[\"https:\\\/\\\/anchorsforlife.org\\\/the-leader-of-praise\\\/\"]}]},{\"@type\":\"BreadcrumbList\",\"@id\":\"https:\\\/\\\/anchorsforlife.org\\\/the-leader-of-praise\\\/#breadcrumb\",\"itemListElement\":[{\"@type\":\"ListItem\",\"position\":1,\"name\":\"Home\",\"item\":\"https:\\\/\\\/anchorsforlife.org\\\/\"},{\"@type\":\"ListItem\",\"position\":2,\"name\":\"The Leader Of Praise\"}]},{\"@type\":\"WebSite\",\"@id\":\"https:\\\/\\\/anchorsforlife.org\\\/#website\",\"url\":\"https:\\\/\\\/anchorsforlife.org\\\/\",\"name\":\"Anchors For Life\",\"description\":\"Verse-by-verse Bible teaching, devotionals, and Christian living resources\",\"publisher\":{\"@id\":\"https:\\\/\\\/anchorsforlife.org\\\/#organization\"},\"potentialAction\":[{\"@type\":\"SearchAction\",\"target\":{\"@type\":\"EntryPoint\",\"urlTemplate\":\"https:\\\/\\\/anchorsforlife.org\\\/?s={search_term_string}\"},\"query-input\":{\"@type\":\"PropertyValueSpecification\",\"valueRequired\":true,\"valueName\":\"search_term_string\"}}],\"inLanguage\":\"pt-BR\"},{\"@type\":\"Organization\",\"@id\":\"https:\\\/\\\/anchorsforlife.org\\\/#organization\",\"name\":\"Anchors For Life\",\"url\":\"https:\\\/\\\/anchorsforlife.org\\\/\",\"logo\":{\"@type\":\"ImageObject\",\"inLanguage\":\"pt-BR\",\"@id\":\"https:\\\/\\\/anchorsforlife.org\\\/#\\\/schema\\\/logo\\\/image\\\/\",\"url\":\"https:\\\/\\\/i0.wp.com\\\/anchorsforlife.org\\\/wp-content\\\/uploads\\\/2022\\\/06\\\/LOGO-png-3500.png?fit=2750%2C2750&ssl=1\",\"contentUrl\":\"https:\\\/\\\/i0.wp.com\\\/anchorsforlife.org\\\/wp-content\\\/uploads\\\/2022\\\/06\\\/LOGO-png-3500.png?fit=2750%2C2750&ssl=1\",\"width\":2750,\"height\":2750,\"caption\":\"Anchors For Life\"},\"image\":{\"@id\":\"https:\\\/\\\/anchorsforlife.org\\\/#\\\/schema\\\/logo\\\/image\\\/\"},\"sameAs\":[\"https:\\\/\\\/www.facebook.com\\\/anchorsforlife\",\"https:\\\/\\\/www.youtube.com\\\/channel\\\/UCOS7aqmb67cD9TMNy187GRQ\"]},{\"@type\":\"Person\",\"@id\":\"https:\\\/\\\/anchorsforlife.org\\\/#\\\/schema\\\/person\\\/0683e316720176621d45839989b97fe2\",\"name\":\"Anchors For Life\",\"image\":{\"@type\":\"ImageObject\",\"inLanguage\":\"pt-BR\",\"@id\":\"https:\\\/\\\/secure.gravatar.com\\\/avatar\\\/1c63e698e66d39fa8d618ff8729397a2a666717202b9452fa5d16254d6ed5e22?s=96&d=mm&r=g\",\"url\":\"https:\\\/\\\/secure.gravatar.com\\\/avatar\\\/1c63e698e66d39fa8d618ff8729397a2a666717202b9452fa5d16254d6ed5e22?s=96&d=mm&r=g\",\"contentUrl\":\"https:\\\/\\\/secure.gravatar.com\\\/avatar\\\/1c63e698e66d39fa8d618ff8729397a2a666717202b9452fa5d16254d6ed5e22?s=96&d=mm&r=g\",\"caption\":\"Anchors For Life\"},\"url\":\"https:\\\/\\\/anchorsforlife.org\\\/pt\\\/author\\\/philberthadley\\\/\"}]}<\/script>\n<!-- \/ Yoast SEO plugin. -->","yoast_head_json":{"title":"The Leader Of Praise | Anchors For Life","robots":{"index":"index","follow":"follow","max-snippet":"max-snippet:-1","max-image-preview":"max-image-preview:large","max-video-preview":"max-video-preview:-1"},"canonical":"https:\/\/anchorsforlife.org\/pt\/the-leader-of-praise\/","og_locale":"pt_BR","og_type":"article","og_title":"The Leader Of Praise | Anchors For Life","og_description":"The Leader Of Praise I will declare Your name to My brethren; in the midst of the assembly, I will praise You. Psalm 22:22 Our text today is resurrection language. We find in John 20:17, after His resurrection, the Lord Jesus declared the name of the Father, saying to Mary, \u201cGo to My brethren and [&hellip;]","og_url":"https:\/\/anchorsforlife.org\/pt\/the-leader-of-praise\/","og_site_name":"Anchors For Life","article_publisher":"https:\/\/www.facebook.com\/anchorsforlife","article_published_time":"2026-03-17T09:30:00+00:00","og_image":[{"width":1154,"height":597,"url":"https:\/\/i0.wp.com\/anchorsforlife.org\/wp-content\/uploads\/2025\/09\/Youtube-End-Slide-e1769744409320.png?fit=1154%2C597&ssl=1","type":"image\/png"}],"author":"Anchors For Life","twitter_card":"summary_large_image","twitter_misc":{"Escrito por":"Anchors For Life","Est. tempo de leitura":"2 minutos"},"schema":{"@context":"https:\/\/schema.org","@graph":[{"@type":"Article","@id":"https:\/\/anchorsforlife.org\/the-leader-of-praise\/#article","isPartOf":{"@id":"https:\/\/anchorsforlife.org\/the-leader-of-praise\/"},"author":{"name":"Anchors For Life","@id":"https:\/\/anchorsforlife.org\/#\/schema\/person\/0683e316720176621d45839989b97fe2"},"headline":"The Leader Of Praise","datePublished":"2026-03-17T09:30:00+00:00","mainEntityOfPage":{"@id":"https:\/\/anchorsforlife.org\/the-leader-of-praise\/"},"wordCount":358,"commentCount":0,"publisher":{"@id":"https:\/\/anchorsforlife.org\/#organization"},"articleSection":["Devotional"],"inLanguage":"pt-BR","potentialAction":[{"@type":"CommentAction","name":"Comment","target":["https:\/\/anchorsforlife.org\/the-leader-of-praise\/#respond"]}]},{"@type":"WebPage","@id":"https:\/\/anchorsforlife.org\/the-leader-of-praise\/","url":"https:\/\/anchorsforlife.org\/the-leader-of-praise\/","name":"The Leader Of Praise | Anchors For Life","isPartOf":{"@id":"https:\/\/anchorsforlife.org\/#website"},"datePublished":"2026-03-17T09:30:00+00:00","breadcrumb":{"@id":"https:\/\/anchorsforlife.org\/the-leader-of-praise\/#breadcrumb"},"inLanguage":"pt-BR","potentialAction":[{"@type":"ReadAction","target":["https:\/\/anchorsforlife.org\/the-leader-of-praise\/"]}]},{"@type":"BreadcrumbList","@id":"https:\/\/anchorsforlife.org\/the-leader-of-praise\/#breadcrumb","itemListElement":[{"@type":"ListItem","position":1,"name":"Home","item":"https:\/\/anchorsforlife.org\/"},{"@type":"ListItem","position":2,"name":"The Leader Of Praise"}]},{"@type":"WebSite","@id":"https:\/\/anchorsforlife.org\/#website","url":"https:\/\/anchorsforlife.org\/","name":"\u00c2ncoras para a Vida","description":"Ensino b\u00edblico vers\u00edculo por vers\u00edculo, devocionais e recursos para a vida crist\u00e3.","publisher":{"@id":"https:\/\/anchorsforlife.org\/#organization"},"potentialAction":[{"@type":"SearchAction","target":{"@type":"EntryPoint","urlTemplate":"https:\/\/anchorsforlife.org\/?s={search_term_string}"},"query-input":{"@type":"PropertyValueSpecification","valueRequired":true,"valueName":"search_term_string"}}],"inLanguage":"pt-BR"},{"@type":"Organization","@id":"https:\/\/anchorsforlife.org\/#organization","name":"\u00c2ncoras para a Vida","url":"https:\/\/anchorsforlife.org\/","logo":{"@type":"ImageObject","inLanguage":"pt-BR","@id":"https:\/\/anchorsforlife.org\/#\/schema\/logo\/image\/","url":"https:\/\/i0.wp.com\/anchorsforlife.org\/wp-content\/uploads\/2022\/06\/LOGO-png-3500.png?fit=2750%2C2750&ssl=1","contentUrl":"https:\/\/i0.wp.com\/anchorsforlife.org\/wp-content\/uploads\/2022\/06\/LOGO-png-3500.png?fit=2750%2C2750&ssl=1","width":2750,"height":2750,"caption":"Anchors For Life"},"image":{"@id":"https:\/\/anchorsforlife.org\/#\/schema\/logo\/image\/"},"sameAs":["https:\/\/www.facebook.com\/anchorsforlife","https:\/\/www.youtube.com\/channel\/UCOS7aqmb67cD9TMNy187GRQ"]},{"@type":"Person","@id":"https:\/\/anchorsforlife.org\/#\/schema\/person\/0683e316720176621d45839989b97fe2","name":"\u00c2ncoras para a Vida","image":{"@type":"ImageObject","inLanguage":"pt-BR","@id":"https:\/\/secure.gravatar.com\/avatar\/1c63e698e66d39fa8d618ff8729397a2a666717202b9452fa5d16254d6ed5e22?s=96&d=mm&r=g","url":"https:\/\/secure.gravatar.com\/avatar\/1c63e698e66d39fa8d618ff8729397a2a666717202b9452fa5d16254d6ed5e22?s=96&d=mm&r=g","contentUrl":"https:\/\/secure.gravatar.com\/avatar\/1c63e698e66d39fa8d618ff8729397a2a666717202b9452fa5d16254d6ed5e22?s=96&d=mm&r=g","caption":"Anchors For Life"},"url":"https:\/\/anchorsforlife.org\/pt\/author\/philberthadley\/"}]}},"jetpack_publicize_connections":[],"jetpack_sharing_enabled":true,"jetpack_featured_media_url":"","_links":{"self":[{"href":"https:\/\/anchorsforlife.org\/pt\/wp-json\/wp\/v2\/posts\/3329","targetHints":{"allow":["GET"]}}],"collection":[{"href":"https:\/\/anchorsforlife.org\/pt\/wp-json\/wp\/v2\/posts"}],"about":[{"href":"https:\/\/anchorsforlife.org\/pt\/wp-json\/wp\/v2\/types\/post"}],"author":[{"embeddable":true,"href":"https:\/\/anchorsforlife.org\/pt\/wp-json\/wp\/v2\/users\/1"}],"replies":[{"embeddable":true,"href":"https:\/\/anchorsforlife.org\/pt\/wp-json\/wp\/v2\/comments?post=3329"}],"version-history":[{"count":4,"href":"https:\/\/anchorsforlife.org\/pt\/wp-json\/wp\/v2\/posts\/3329\/revisions"}],"predecessor-version":[{"id":3333,"href":"https:\/\/anchorsforlife.org\/pt\/wp-json\/wp\/v2\/posts\/3329\/revisions\/3333"}],"wp:attachment":[{"href":"https:\/\/anchorsforlife.org\/pt\/wp-json\/wp\/v2\/media?parent=3329"}],"wp:term":[{"taxonomy":"category","embeddable":true,"href":"https:\/\/anchorsforlife.org\/pt\/wp-json\/wp\/v2\/categories?post=3329"},{"taxonomy":"post_tag","embeddable":true,"href":"https:\/\/anchorsforlife.org\/pt\/wp-json\/wp\/v2\/tags?post=3329"}],"curies":[{"name":"wp","href":"https:\/\/api.w.org\/{rel}","templated":true}]}}