{"id":2534,"date":"2026-01-20T13:14:35","date_gmt":"2026-01-20T13:14:35","guid":{"rendered":"https:\/\/anchorsforlife.org\/?p=2534"},"modified":"2026-01-20T13:15:42","modified_gmt":"2026-01-20T13:15:42","slug":"the-way-the-truth-the-life-2","status":"publish","type":"post","link":"https:\/\/anchorsforlife.org\/pt\/the-way-the-truth-the-life-2\/","title":{"rendered":"O Caminho. A Verdade. A Vida."},"content":{"rendered":"<div data-elementor-type=\"wp-post\" data-elementor-id=\"2534\" class=\"elementor elementor-2534\" data-elementor-post-type=\"post\">\n\t\t\t\t\t\t<section class=\"elementor-section elementor-top-section elementor-element elementor-element-fcbd886 elementor-section-boxed elementor-section-height-default elementor-section-height-default\" data-id=\"fcbd886\" data-element_type=\"section\" data-e-type=\"section\">\n\t\t\t\t\t\t<div class=\"elementor-container elementor-column-gap-default\">\n\t\t\t\t\t<div class=\"elementor-column elementor-col-100 elementor-top-column elementor-element elementor-element-58d8da5\" data-id=\"58d8da5\" data-element_type=\"column\" data-e-type=\"column\">\n\t\t\t<div class=\"elementor-widget-wrap elementor-element-populated\">\n\t\t\t\t\t\t<div class=\"elementor-element elementor-element-548a0a6 elementor-widget elementor-widget-heading\" data-id=\"548a0a6\" data-element_type=\"widget\" data-e-type=\"widget\" data-widget_type=\"heading.default\">\n\t\t\t\t<div class=\"elementor-widget-container\">\n\t\t\t\t\t<h2 class=\"elementor-heading-title elementor-size-default\">O Caminho. A Verdade. A Vida.<\/h2>\t\t\t\t<\/div>\n\t\t\t\t<\/div>\n\t\t\t\t<div class=\"elementor-element elementor-element-b609541 elementor-widget elementor-widget-text-editor\" data-id=\"b609541\" data-element_type=\"widget\" data-e-type=\"widget\" data-widget_type=\"text-editor.default\">\n\t\t\t\t<div class=\"elementor-widget-container\">\n\t\t\t\t\t\t\t\t\t<p style=\"text-align: center;\" data-start=\"206\" data-end=\"312\"><em>\u201cEu sou o Caminho, a Verdade e a Vida. Ningu\u00e9m vem ao Pai sen\u00e3o por mim.\u201d<\/em><br data-start=\"296\" data-end=\"299\" \/><strong><em data-start=\"301\" data-end=\"312\">Jo\u00e3o 14:6<\/em><\/strong><\/p><p data-start=\"314\" data-end=\"719\">Esta declara\u00e7\u00e3o \u00e9 uma das sete afirma\u00e7\u00f5es &quot;Eu Sou&quot; de Jesus. Na noite anterior \u00e0 sua ida ao Calv\u00e1rio, o Senhor Jesus preparou seus disc\u00edpulos para os dias que viriam. Esses homens o seguiam havia mais de tr\u00eas anos, aprendendo com seus ensinamentos e exemplo. Eles haviam depositado suas esperan\u00e7as nele como o Messias, o Libertador prometido, mas ainda n\u00e3o entendiam como ele realizaria essa liberta\u00e7\u00e3o.<\/p><p data-start=\"721\" data-end=\"862\">Ap\u00f3s a refei\u00e7\u00e3o da P\u00e1scoa, o Senhor come\u00e7ou a falar sobre a Sua partida, o que gerou perguntas dos Seus disc\u00edpulos. <em data-start=\"837\" data-end=\"849\">Jo\u00e3o 13:33<\/em>, Jesus disse:<\/p><blockquote data-start=\"864\" data-end=\"1032\"><p data-start=\"866\" data-end=\"1032\"><em data-start=\"866\" data-end=\"1032\">\u201cFilhinhos, estarei convosco ainda por um pouco de tempo. V\u00f3s me buscareis; e, como eu disse aos judeus: \u2018Para onde eu vou, v\u00f3s n\u00e3o podeis ir\u2019, assim tamb\u00e9m agora vos digo.\u201d<\/em><\/p><\/blockquote><p data-start=\"1034\" data-end=\"1284\">Isso levou Pedro a perguntar para onde Ele estava indo (<em data-start=\"1081\" data-end=\"1093\">Jo\u00e3o 13:36<\/em>Pedro e os outros n\u00e3o entenderam que Jesus estava falando de Sua morte e ascens\u00e3o ao c\u00e9u. Jesus respondeu:, <em data-start=\"1213\" data-end=\"1284\">\u201cPara onde eu vou, voc\u00ea n\u00e3o pode me seguir agora, mas me seguir\u00e1 mais tarde.\u201d<\/em><\/p><p data-start=\"1286\" data-end=\"1390\">Pedro \u00e9 o primeiro dos quatro disc\u00edpulos a fazer perguntas em resposta \u00e0 declara\u00e7\u00e3o de Jesus no vers\u00edculo 33: <strong data-start=\"1393\" data-end=\"1402\">Peter<\/strong> (<em data-start=\"1404\" data-end=\"1416\">13:36\u201314:4<\/em>); <strong data-start=\"1422\" data-end=\"1432\">Thomas<\/strong> (<em data-start=\"1434\" data-end=\"1442\">14:5\u20137<\/em>); <strong data-start=\"1448\" data-end=\"1458\">Filipe<\/strong> (<em data-start=\"1460\" data-end=\"1469\">14:7\u201321<\/em>); <strong data-start=\"1475\" data-end=\"1484\">Judas<\/strong> (n\u00e3o Iscariotes) (<em data-start=\"1501\" data-end=\"1511\">14:22\u201331<\/em>);<\/p><p data-start=\"1514\" data-end=\"1934\">\u00c9 interessante notar que parte da tradi\u00e7\u00e3o da P\u00e1scoa envolvia um momento para fazer perguntas (<em data-start=\"1622\" data-end=\"1639\">\u00caxodo 12:26-27<\/em>Ainda sem entender, Pedro declarou que seguiria o Senhor para qualquer lugar, mesmo que isso significasse dar a pr\u00f3pria vida. Os disc\u00edpulos ficaram claramente perturbados e tristes em seus cora\u00e7\u00f5es (<em data-start=\"1828\" data-end=\"1856\">Jo\u00e3o 14:1, 27; 16:6, 20\u201322<\/em>), dando-nos uma ideia da atmosfera sombria e s\u00e9ria no c\u00f4modo superior.<\/p><p data-start=\"1979\" data-end=\"2078\">Em sua resposta, o Senhor Jesus oferece uma resposta tr\u00edplice para confortar e instruir seus disc\u00edpulos:<\/p><p data-start=\"1979\" data-end=\"2078\"><strong data-start=\"2083\" data-end=\"2123\">O Objeto da Nossa F\u00e9 \u2013 Sua Pessoa: <\/strong><em style=\"font-family: -apple-system, BlinkMacSystemFont, 'Segoe UI', Roboto, 'Helvetica Neue', Arial, 'Noto Sans', sans-serif, 'Apple Color Emoji', 'Segoe UI Emoji', 'Segoe UI Symbol', 'Noto Color Emoji';\" data-start=\"2131\" data-end=\"2174\">\u201cVoc\u00eas creem em Deus, creiam tamb\u00e9m em mim.\u201d<\/em><span style=\"font-family: -apple-system, BlinkMacSystemFont, 'Segoe UI', Roboto, 'Helvetica Neue', Arial, 'Noto Sans', sans-serif, 'Apple Color Emoji', 'Segoe UI Emoji', 'Segoe UI Symbol', 'Noto Color Emoji';\"> (<\/span><em style=\"font-family: -apple-system, BlinkMacSystemFont, 'Segoe UI', Roboto, 'Helvetica Neue', Arial, 'Noto Sans', sans-serif, 'Apple Color Emoji', 'Segoe UI Emoji', 'Segoe UI Symbol', 'Noto Color Emoji';\" data-start=\"2176\" data-end=\"2187\">Jo\u00e3o 14:1<\/em><span style=\"font-family: -apple-system, BlinkMacSystemFont, 'Segoe UI', Roboto, 'Helvetica Neue', Arial, 'Noto Sans', sans-serif, 'Apple Color Emoji', 'Segoe UI Emoji', 'Segoe UI Symbol', 'Noto Color Emoji';\">)<\/span><\/p><p data-start=\"2131\" data-end=\"2188\"><strong style=\"font-family: -apple-system, BlinkMacSystemFont, 'Segoe UI', Roboto, 'Helvetica Neue', Arial, 'Noto Sans', sans-serif, 'Apple Color Emoji', 'Segoe UI Emoji', 'Segoe UI Symbol', 'Noto Color Emoji';\" data-start=\"2193\" data-end=\"2227\">A promessa de um lar celestial: <\/strong><em style=\"font-family: -apple-system, BlinkMacSystemFont, 'Segoe UI', Roboto, 'Helvetica Neue', Arial, 'Noto Sans', sans-serif, 'Apple Color Emoji', 'Segoe UI Emoji', 'Segoe UI Symbol', 'Noto Color Emoji';\" data-start=\"2235\" data-end=\"2278\">\u201cNa casa de meu Pai h\u00e1 muitas moradas\u2026\u201d<\/em><span style=\"font-family: -apple-system, BlinkMacSystemFont, 'Segoe UI', Roboto, 'Helvetica Neue', Arial, 'Noto Sans', sans-serif, 'Apple Color Emoji', 'Segoe UI Emoji', 'Segoe UI Symbol', 'Noto Color Emoji';\"> (<\/span><em style=\"font-family: -apple-system, BlinkMacSystemFont, 'Segoe UI', Roboto, 'Helvetica Neue', Arial, 'Noto Sans', sans-serif, 'Apple Color Emoji', 'Segoe UI Emoji', 'Segoe UI Symbol', 'Noto Color Emoji';\" data-start=\"2280\" data-end=\"2291\">Jo\u00e3o 14:2<\/em><span style=\"font-family: -apple-system, BlinkMacSystemFont, 'Segoe UI', Roboto, 'Helvetica Neue', Arial, 'Noto Sans', sans-serif, 'Apple Color Emoji', 'Segoe UI Emoji', 'Segoe UI Symbol', 'Noto Color Emoji';\">)<\/span><\/p><p data-start=\"2235\" data-end=\"2292\"><strong style=\"font-family: -apple-system, BlinkMacSystemFont, 'Segoe UI', Roboto, 'Helvetica Neue', Arial, 'Noto Sans', sans-serif, 'Apple Color Emoji', 'Segoe UI Emoji', 'Segoe UI Symbol', 'Noto Color Emoji';\" data-start=\"2297\" data-end=\"2327\">A Perspectiva de Seu Retorno: <\/strong><em style=\"font-family: -apple-system, BlinkMacSystemFont, 'Segoe UI', Roboto, 'Helvetica Neue', Arial, 'Noto Sans', sans-serif, 'Apple Color Emoji', 'Segoe UI Emoji', 'Segoe UI Symbol', 'Noto Color Emoji';\" data-start=\"2335\" data-end=\"2383\">\u201cVoltarei e vos receberei em Mim mesmo\u2026\u201d<\/em><span style=\"font-family: -apple-system, BlinkMacSystemFont, 'Segoe UI', Roboto, 'Helvetica Neue', Arial, 'Noto Sans', sans-serif, 'Apple Color Emoji', 'Segoe UI Emoji', 'Segoe UI Symbol', 'Noto Color Emoji';\"> (<\/span><em style=\"font-family: -apple-system, BlinkMacSystemFont, 'Segoe UI', Roboto, 'Helvetica Neue', Arial, 'Noto Sans', sans-serif, 'Apple Color Emoji', 'Segoe UI Emoji', 'Segoe UI Symbol', 'Noto Color Emoji';\" data-start=\"2385\" data-end=\"2396\">Jo\u00e3o 14:3<\/em><span style=\"font-family: -apple-system, BlinkMacSystemFont, 'Segoe UI', Roboto, 'Helvetica Neue', Arial, 'Noto Sans', sans-serif, 'Apple Color Emoji', 'Segoe UI Emoji', 'Segoe UI Symbol', 'Noto Color Emoji';\">)<\/span><\/p><p data-start=\"2399\" data-end=\"2617\">Ent\u00e3o o Senhor disse:, <em data-start=\"2419\" data-end=\"2468\">\u201cE para onde eu vou, voc\u00ea sabe, e o caminho que voc\u00ea conhece\u201d<\/em> (<em data-start=\"2470\" data-end=\"2481\">Jo\u00e3o 14:4<\/em>Falando em nome dos outros, Tom\u00e9 respondeu que eles n\u00e3o sabiam para onde Ele estava indo e, portanto, n\u00e3o podiam saber o caminho.<\/p><p data-start=\"2619\" data-end=\"2684\">Em resposta, Jesus proferiu a sexta de suas sete declara\u00e7\u00f5es &quot;Eu Sou&quot;:<\/p><blockquote data-start=\"2686\" data-end=\"2790\"><p data-start=\"2688\" data-end=\"2790\"><em data-start=\"2688\" data-end=\"2776\">\u201cEu sou o Caminho, a Verdade e a Vida. Ningu\u00e9m vem ao Pai sen\u00e3o por mim.\u201d<\/em> (<em data-start=\"2778\" data-end=\"2789\">Jo\u00e3o 14:6<\/em>)<\/p><\/blockquote><p data-start=\"2688\" data-end=\"2790\"><strong>\u00c2ncora de hoje:<\/strong><br \/>O consolo e o encorajamento para o povo do Senhor em tempos de dificuldade residem na comunh\u00e3o com a Sua bendita pessoa e na perspectiva do Seu breve retorno para nos levar para estarmos com Ele na casa do Pai.<\/p>\t\t\t\t\t\t\t\t<\/div>\n\t\t\t\t<\/div>\n\t\t\t\t\t<\/div>\n\t\t<\/div>\n\t\t\t\t\t<\/div>\n\t\t<\/section>\n\t\t\t\t<\/div>","protected":false},"excerpt":{"rendered":"<p>The Way. The Truth. The Life. \u201cI am the Way, the Truth, and the Life. No one comes to the Father except through Me.\u201dJohn 14:6 This statement is one of the seven \u201cI Am\u201d statements of Jesus. On the night before the Lord Jesus went to Calvary, He prepared His disciples for the days ahead. [&hellip;]<\/p>\n","protected":false},"author":1,"featured_media":0,"comment_status":"open","ping_status":"open","sticky":false,"template":"elementor_canvas","format":"standard","meta":{"nf_dc_page":"","_jetpack_newsletter_access":"","_jetpack_dont_email_post_to_subs":false,"_jetpack_newsletter_tier_id":0,"_jetpack_memberships_contains_paywalled_content":false,"_jetpack_feature_clip_id":0,"_jetpack_memberships_contains_paid_content":false,"footnotes":"","jetpack_publicize_message":"","jetpack_publicize_feature_enabled":true,"jetpack_social_post_already_shared":true,"jetpack_social_options":{"image_generator_settings":{"template":"highway","default_image_id":0,"font":"","enabled":false},"version":2},"jetpack_post_was_ever_published":false},"categories":[44],"tags":[],"class_list":["post-2534","post","type-post","status-publish","format-standard","hentry","category-devotional"],"yoast_head":"<!-- This site is optimized with the Yoast SEO plugin v28.4 - https:\/\/yoast.com\/product\/yoast-seo-wordpress\/ -->\n<title>The Way. The Truth. The Life. | Anchors For Life<\/title>\n<meta name=\"robots\" content=\"index, follow, max-snippet:-1, max-image-preview:large, max-video-preview:-1\" \/>\n<link rel=\"canonical\" href=\"https:\/\/anchorsforlife.org\/pt\/the-way-the-truth-the-life-2\/\" \/>\n<meta property=\"og:locale\" content=\"pt_BR\" \/>\n<meta property=\"og:type\" content=\"article\" \/>\n<meta property=\"og:title\" content=\"The Way. The Truth. The Life. | Anchors For Life\" \/>\n<meta property=\"og:description\" content=\"The Way. The Truth. The Life. \u201cI am the Way, the Truth, and the Life. No one comes to the Father except through Me.\u201dJohn 14:6 This statement is one of the seven \u201cI Am\u201d statements of Jesus. On the night before the Lord Jesus went to Calvary, He prepared His disciples for the days ahead. [&hellip;]\" \/>\n<meta property=\"og:url\" content=\"https:\/\/anchorsforlife.org\/pt\/the-way-the-truth-the-life-2\/\" \/>\n<meta property=\"og:site_name\" content=\"Anchors For Life\" \/>\n<meta property=\"article:publisher\" content=\"https:\/\/www.facebook.com\/anchorsforlife\" \/>\n<meta property=\"article:published_time\" content=\"2026-01-20T13:14:35+00:00\" \/>\n<meta property=\"article:modified_time\" content=\"2026-01-20T13:15:42+00:00\" \/>\n<meta property=\"og:image\" content=\"https:\/\/i0.wp.com\/anchorsforlife.org\/wp-content\/uploads\/2025\/09\/Youtube-End-Slide-e1769744409320.png?fit=1154%2C597&ssl=1\" \/>\n\t<meta property=\"og:image:width\" content=\"1154\" \/>\n\t<meta property=\"og:image:height\" content=\"597\" \/>\n\t<meta property=\"og:image:type\" content=\"image\/png\" \/>\n<meta name=\"author\" content=\"Anchors For Life\" \/>\n<meta name=\"twitter:card\" content=\"summary_large_image\" \/>\n<meta name=\"twitter:label1\" content=\"Escrito por\" \/>\n\t<meta name=\"twitter:data1\" content=\"Anchors For Life\" \/>\n\t<meta name=\"twitter:label2\" content=\"Est. tempo de leitura\" \/>\n\t<meta name=\"twitter:data2\" content=\"2 minutos\" \/>\n<script type=\"application\/ld+json\" class=\"yoast-schema-graph\">{\"@context\":\"https:\\\/\\\/schema.org\",\"@graph\":[{\"@type\":\"Article\",\"@id\":\"https:\\\/\\\/anchorsforlife.org\\\/the-way-the-truth-the-life-2\\\/#article\",\"isPartOf\":{\"@id\":\"https:\\\/\\\/anchorsforlife.org\\\/the-way-the-truth-the-life-2\\\/\"},\"author\":{\"name\":\"Anchors For Life\",\"@id\":\"https:\\\/\\\/anchorsforlife.org\\\/#\\\/schema\\\/person\\\/0683e316720176621d45839989b97fe2\"},\"headline\":\"The Way. The Truth. The Life.\",\"datePublished\":\"2026-01-20T13:14:35+00:00\",\"dateModified\":\"2026-01-20T13:15:42+00:00\",\"mainEntityOfPage\":{\"@id\":\"https:\\\/\\\/anchorsforlife.org\\\/the-way-the-truth-the-life-2\\\/\"},\"wordCount\":464,\"commentCount\":0,\"publisher\":{\"@id\":\"https:\\\/\\\/anchorsforlife.org\\\/#organization\"},\"articleSection\":[\"Devotional\"],\"inLanguage\":\"pt-BR\",\"potentialAction\":[{\"@type\":\"CommentAction\",\"name\":\"Comment\",\"target\":[\"https:\\\/\\\/anchorsforlife.org\\\/the-way-the-truth-the-life-2\\\/#respond\"]}]},{\"@type\":\"WebPage\",\"@id\":\"https:\\\/\\\/anchorsforlife.org\\\/the-way-the-truth-the-life-2\\\/\",\"url\":\"https:\\\/\\\/anchorsforlife.org\\\/the-way-the-truth-the-life-2\\\/\",\"name\":\"The Way. The Truth. The Life. | Anchors For Life\",\"isPartOf\":{\"@id\":\"https:\\\/\\\/anchorsforlife.org\\\/#website\"},\"datePublished\":\"2026-01-20T13:14:35+00:00\",\"dateModified\":\"2026-01-20T13:15:42+00:00\",\"breadcrumb\":{\"@id\":\"https:\\\/\\\/anchorsforlife.org\\\/the-way-the-truth-the-life-2\\\/#breadcrumb\"},\"inLanguage\":\"pt-BR\",\"potentialAction\":[{\"@type\":\"ReadAction\",\"target\":[\"https:\\\/\\\/anchorsforlife.org\\\/the-way-the-truth-the-life-2\\\/\"]}]},{\"@type\":\"BreadcrumbList\",\"@id\":\"https:\\\/\\\/anchorsforlife.org\\\/the-way-the-truth-the-life-2\\\/#breadcrumb\",\"itemListElement\":[{\"@type\":\"ListItem\",\"position\":1,\"name\":\"Home\",\"item\":\"https:\\\/\\\/anchorsforlife.org\\\/\"},{\"@type\":\"ListItem\",\"position\":2,\"name\":\"The Way. The Truth. The Life.\"}]},{\"@type\":\"WebSite\",\"@id\":\"https:\\\/\\\/anchorsforlife.org\\\/#website\",\"url\":\"https:\\\/\\\/anchorsforlife.org\\\/\",\"name\":\"Anchors For Life\",\"description\":\"Verse-by-verse Bible teaching, devotionals, and Christian living resources\",\"publisher\":{\"@id\":\"https:\\\/\\\/anchorsforlife.org\\\/#organization\"},\"potentialAction\":[{\"@type\":\"SearchAction\",\"target\":{\"@type\":\"EntryPoint\",\"urlTemplate\":\"https:\\\/\\\/anchorsforlife.org\\\/?s={search_term_string}\"},\"query-input\":{\"@type\":\"PropertyValueSpecification\",\"valueRequired\":true,\"valueName\":\"search_term_string\"}}],\"inLanguage\":\"pt-BR\"},{\"@type\":\"Organization\",\"@id\":\"https:\\\/\\\/anchorsforlife.org\\\/#organization\",\"name\":\"Anchors For Life\",\"url\":\"https:\\\/\\\/anchorsforlife.org\\\/\",\"logo\":{\"@type\":\"ImageObject\",\"inLanguage\":\"pt-BR\",\"@id\":\"https:\\\/\\\/anchorsforlife.org\\\/#\\\/schema\\\/logo\\\/image\\\/\",\"url\":\"https:\\\/\\\/i0.wp.com\\\/anchorsforlife.org\\\/wp-content\\\/uploads\\\/2022\\\/06\\\/LOGO-png-3500.png?fit=2750%2C2750&ssl=1\",\"contentUrl\":\"https:\\\/\\\/i0.wp.com\\\/anchorsforlife.org\\\/wp-content\\\/uploads\\\/2022\\\/06\\\/LOGO-png-3500.png?fit=2750%2C2750&ssl=1\",\"width\":2750,\"height\":2750,\"caption\":\"Anchors For Life\"},\"image\":{\"@id\":\"https:\\\/\\\/anchorsforlife.org\\\/#\\\/schema\\\/logo\\\/image\\\/\"},\"sameAs\":[\"https:\\\/\\\/www.facebook.com\\\/anchorsforlife\",\"https:\\\/\\\/www.youtube.com\\\/channel\\\/UCOS7aqmb67cD9TMNy187GRQ\"]},{\"@type\":\"Person\",\"@id\":\"https:\\\/\\\/anchorsforlife.org\\\/#\\\/schema\\\/person\\\/0683e316720176621d45839989b97fe2\",\"name\":\"Anchors For Life\",\"image\":{\"@type\":\"ImageObject\",\"inLanguage\":\"pt-BR\",\"@id\":\"https:\\\/\\\/secure.gravatar.com\\\/avatar\\\/1c63e698e66d39fa8d618ff8729397a2a666717202b9452fa5d16254d6ed5e22?s=96&d=mm&r=g\",\"url\":\"https:\\\/\\\/secure.gravatar.com\\\/avatar\\\/1c63e698e66d39fa8d618ff8729397a2a666717202b9452fa5d16254d6ed5e22?s=96&d=mm&r=g\",\"contentUrl\":\"https:\\\/\\\/secure.gravatar.com\\\/avatar\\\/1c63e698e66d39fa8d618ff8729397a2a666717202b9452fa5d16254d6ed5e22?s=96&d=mm&r=g\",\"caption\":\"Anchors For Life\"},\"url\":\"https:\\\/\\\/anchorsforlife.org\\\/pt\\\/author\\\/philberthadley\\\/\"}]}<\/script>\n<!-- \/ Yoast SEO plugin. -->","yoast_head_json":{"title":"The Way. The Truth. The Life. | Anchors For Life","robots":{"index":"index","follow":"follow","max-snippet":"max-snippet:-1","max-image-preview":"max-image-preview:large","max-video-preview":"max-video-preview:-1"},"canonical":"https:\/\/anchorsforlife.org\/pt\/the-way-the-truth-the-life-2\/","og_locale":"pt_BR","og_type":"article","og_title":"The Way. The Truth. The Life. | Anchors For Life","og_description":"The Way. The Truth. The Life. \u201cI am the Way, the Truth, and the Life. No one comes to the Father except through Me.\u201dJohn 14:6 This statement is one of the seven \u201cI Am\u201d statements of Jesus. On the night before the Lord Jesus went to Calvary, He prepared His disciples for the days ahead. [&hellip;]","og_url":"https:\/\/anchorsforlife.org\/pt\/the-way-the-truth-the-life-2\/","og_site_name":"Anchors For Life","article_publisher":"https:\/\/www.facebook.com\/anchorsforlife","article_published_time":"2026-01-20T13:14:35+00:00","article_modified_time":"2026-01-20T13:15:42+00:00","og_image":[{"width":1154,"height":597,"url":"https:\/\/i0.wp.com\/anchorsforlife.org\/wp-content\/uploads\/2025\/09\/Youtube-End-Slide-e1769744409320.png?fit=1154%2C597&ssl=1","type":"image\/png"}],"author":"Anchors For Life","twitter_card":"summary_large_image","twitter_misc":{"Escrito por":"Anchors For Life","Est. tempo de leitura":"2 minutos"},"schema":{"@context":"https:\/\/schema.org","@graph":[{"@type":"Article","@id":"https:\/\/anchorsforlife.org\/the-way-the-truth-the-life-2\/#article","isPartOf":{"@id":"https:\/\/anchorsforlife.org\/the-way-the-truth-the-life-2\/"},"author":{"name":"Anchors For Life","@id":"https:\/\/anchorsforlife.org\/#\/schema\/person\/0683e316720176621d45839989b97fe2"},"headline":"The Way. The Truth. The Life.","datePublished":"2026-01-20T13:14:35+00:00","dateModified":"2026-01-20T13:15:42+00:00","mainEntityOfPage":{"@id":"https:\/\/anchorsforlife.org\/the-way-the-truth-the-life-2\/"},"wordCount":464,"commentCount":0,"publisher":{"@id":"https:\/\/anchorsforlife.org\/#organization"},"articleSection":["Devotional"],"inLanguage":"pt-BR","potentialAction":[{"@type":"CommentAction","name":"Comment","target":["https:\/\/anchorsforlife.org\/the-way-the-truth-the-life-2\/#respond"]}]},{"@type":"WebPage","@id":"https:\/\/anchorsforlife.org\/the-way-the-truth-the-life-2\/","url":"https:\/\/anchorsforlife.org\/the-way-the-truth-the-life-2\/","name":"The Way. The Truth. The Life. | Anchors For Life","isPartOf":{"@id":"https:\/\/anchorsforlife.org\/#website"},"datePublished":"2026-01-20T13:14:35+00:00","dateModified":"2026-01-20T13:15:42+00:00","breadcrumb":{"@id":"https:\/\/anchorsforlife.org\/the-way-the-truth-the-life-2\/#breadcrumb"},"inLanguage":"pt-BR","potentialAction":[{"@type":"ReadAction","target":["https:\/\/anchorsforlife.org\/the-way-the-truth-the-life-2\/"]}]},{"@type":"BreadcrumbList","@id":"https:\/\/anchorsforlife.org\/the-way-the-truth-the-life-2\/#breadcrumb","itemListElement":[{"@type":"ListItem","position":1,"name":"Home","item":"https:\/\/anchorsforlife.org\/"},{"@type":"ListItem","position":2,"name":"The Way. The Truth. The Life."}]},{"@type":"WebSite","@id":"https:\/\/anchorsforlife.org\/#website","url":"https:\/\/anchorsforlife.org\/","name":"\u00c2ncoras para a Vida","description":"Ensino b\u00edblico vers\u00edculo por vers\u00edculo, devocionais e recursos para a vida crist\u00e3.","publisher":{"@id":"https:\/\/anchorsforlife.org\/#organization"},"potentialAction":[{"@type":"SearchAction","target":{"@type":"EntryPoint","urlTemplate":"https:\/\/anchorsforlife.org\/?s={search_term_string}"},"query-input":{"@type":"PropertyValueSpecification","valueRequired":true,"valueName":"search_term_string"}}],"inLanguage":"pt-BR"},{"@type":"Organization","@id":"https:\/\/anchorsforlife.org\/#organization","name":"\u00c2ncoras para a Vida","url":"https:\/\/anchorsforlife.org\/","logo":{"@type":"ImageObject","inLanguage":"pt-BR","@id":"https:\/\/anchorsforlife.org\/#\/schema\/logo\/image\/","url":"https:\/\/i0.wp.com\/anchorsforlife.org\/wp-content\/uploads\/2022\/06\/LOGO-png-3500.png?fit=2750%2C2750&ssl=1","contentUrl":"https:\/\/i0.wp.com\/anchorsforlife.org\/wp-content\/uploads\/2022\/06\/LOGO-png-3500.png?fit=2750%2C2750&ssl=1","width":2750,"height":2750,"caption":"Anchors For Life"},"image":{"@id":"https:\/\/anchorsforlife.org\/#\/schema\/logo\/image\/"},"sameAs":["https:\/\/www.facebook.com\/anchorsforlife","https:\/\/www.youtube.com\/channel\/UCOS7aqmb67cD9TMNy187GRQ"]},{"@type":"Person","@id":"https:\/\/anchorsforlife.org\/#\/schema\/person\/0683e316720176621d45839989b97fe2","name":"\u00c2ncoras para a Vida","image":{"@type":"ImageObject","inLanguage":"pt-BR","@id":"https:\/\/secure.gravatar.com\/avatar\/1c63e698e66d39fa8d618ff8729397a2a666717202b9452fa5d16254d6ed5e22?s=96&d=mm&r=g","url":"https:\/\/secure.gravatar.com\/avatar\/1c63e698e66d39fa8d618ff8729397a2a666717202b9452fa5d16254d6ed5e22?s=96&d=mm&r=g","contentUrl":"https:\/\/secure.gravatar.com\/avatar\/1c63e698e66d39fa8d618ff8729397a2a666717202b9452fa5d16254d6ed5e22?s=96&d=mm&r=g","caption":"Anchors For Life"},"url":"https:\/\/anchorsforlife.org\/pt\/author\/philberthadley\/"}]}},"jetpack_publicize_connections":[],"jetpack_sharing_enabled":true,"jetpack_featured_media_url":"","_links":{"self":[{"href":"https:\/\/anchorsforlife.org\/pt\/wp-json\/wp\/v2\/posts\/2534","targetHints":{"allow":["GET"]}}],"collection":[{"href":"https:\/\/anchorsforlife.org\/pt\/wp-json\/wp\/v2\/posts"}],"about":[{"href":"https:\/\/anchorsforlife.org\/pt\/wp-json\/wp\/v2\/types\/post"}],"author":[{"embeddable":true,"href":"https:\/\/anchorsforlife.org\/pt\/wp-json\/wp\/v2\/users\/1"}],"replies":[{"embeddable":true,"href":"https:\/\/anchorsforlife.org\/pt\/wp-json\/wp\/v2\/comments?post=2534"}],"version-history":[{"count":5,"href":"https:\/\/anchorsforlife.org\/pt\/wp-json\/wp\/v2\/posts\/2534\/revisions"}],"predecessor-version":[{"id":2539,"href":"https:\/\/anchorsforlife.org\/pt\/wp-json\/wp\/v2\/posts\/2534\/revisions\/2539"}],"wp:attachment":[{"href":"https:\/\/anchorsforlife.org\/pt\/wp-json\/wp\/v2\/media?parent=2534"}],"wp:term":[{"taxonomy":"category","embeddable":true,"href":"https:\/\/anchorsforlife.org\/pt\/wp-json\/wp\/v2\/categories?post=2534"},{"taxonomy":"post_tag","embeddable":true,"href":"https:\/\/anchorsforlife.org\/pt\/wp-json\/wp\/v2\/tags?post=2534"}],"curies":[{"name":"wp","href":"https:\/\/api.w.org\/{rel}","templated":true}]}}