{"id":2445,"date":"2025-12-31T15:27:33","date_gmt":"2025-12-31T15:27:33","guid":{"rendered":"https:\/\/anchorsforlife.org\/?p=2445"},"modified":"2025-12-31T15:32:56","modified_gmt":"2025-12-31T15:32:56","slug":"you-crown-the-year-with-your-goodness","status":"publish","type":"post","link":"https:\/\/anchorsforlife.org\/pt\/you-crown-the-year-with-your-goodness\/","title":{"rendered":"Voc\u00ea coroa o ano com a sua bondade."},"content":{"rendered":"<div data-elementor-type=\"wp-post\" data-elementor-id=\"2445\" class=\"elementor elementor-2445\" data-elementor-post-type=\"post\">\n\t\t\t\t\t\t<section class=\"elementor-section elementor-top-section elementor-element elementor-element-6257263 elementor-section-boxed elementor-section-height-default elementor-section-height-default\" data-id=\"6257263\" data-element_type=\"section\" data-e-type=\"section\">\n\t\t\t\t\t\t<div class=\"elementor-container elementor-column-gap-default\">\n\t\t\t\t\t<div class=\"elementor-column elementor-col-100 elementor-top-column elementor-element elementor-element-b088c61\" data-id=\"b088c61\" data-element_type=\"column\" data-e-type=\"column\">\n\t\t\t<div class=\"elementor-widget-wrap elementor-element-populated\">\n\t\t\t\t\t\t<div class=\"elementor-element elementor-element-776376a elementor-widget elementor-widget-heading\" data-id=\"776376a\" data-element_type=\"widget\" data-e-type=\"widget\" data-widget_type=\"heading.default\">\n\t\t\t\t<div class=\"elementor-widget-container\">\n\t\t\t\t\t<h2 class=\"elementor-heading-title elementor-size-default\">Voc\u00ea coroa o ano com a sua bondade.<\/h2>\t\t\t\t<\/div>\n\t\t\t\t<\/div>\n\t\t\t\t<div class=\"elementor-element elementor-element-685810f elementor-widget elementor-widget-text-editor\" data-id=\"685810f\" data-element_type=\"widget\" data-e-type=\"widget\" data-widget_type=\"text-editor.default\">\n\t\t\t\t<div class=\"elementor-widget-container\">\n\t\t\t\t\t\t\t\t\t<p style=\"text-align: center;\"><em>\u201cTu coroas o ano com a Tua bondade, e os Teus caminhos transbordam de abund\u00e2ncia.\u201d<\/em><br \/><em><strong>Salmos 65:11<\/strong><\/em><\/p><p>Que lindo isso. Essa ideia de <em data-start=\"343\" data-end=\"362\">coroando o ano<\/em>\u2014envolver o ano com a bondade de Deus\u2014e que o Seu caminho transborde abund\u00e2ncia \u00e9 algo t\u00e3o poderoso.<\/p><p>Um amigo meu escreveu certa vez um devocional em formato de calend\u00e1rio e o intitulou &quot;Trilhas de Carro\u00e7a&quot;, baseado exatamente nesse vers\u00edculo. Ele refletiu sobre a frase: <em data-start=\"597\" data-end=\"632\">\u201cSeus caminhos transbordam abund\u00e2ncia.\u201d<\/em> Ele imaginou a ideia de rastros deixados por uma carro\u00e7a transbordando de frutas \u2014 frutas em abund\u00e2ncia transbordando, sucos escorrendo pelas rodas \u2014 e, \u00e0 medida que a carro\u00e7a avan\u00e7a, deixa para tr\u00e1s rastros de fartura. Esse \u00e9 o conceito aqui.<\/p><p>E, de fato, ao olharmos para tr\u00e1s, para 2025, devemos dizer:, <em data-start=\"921\" data-end=\"993\">\u201c&quot;Certamente, a bondade e a miseric\u00f3rdia me acompanharam todos os dias da minha vida.&quot;\u201d <\/em>Olhando para tr\u00e1s, podemos dizer:, <em data-start=\"1022\" data-end=\"1058\">\u201cAt\u00e9 aqui o Senhor nos ajudou.\u201d <\/em>Ao refletir sobre isso, preciso dizer, <em data-start=\"1090\" data-end=\"1141\">\u201cO Senhor esteve conosco a cada passo do caminho.\u201d<\/em><\/p><p>\u00c9 isso que o salmista est\u00e1 dizendo aqui: <em data-start=\"1186\" data-end=\"1236\">\u201cSenhor, Tu nos cercaste. Tu nos coroaste.\u201d<\/em><\/p><p>E n\u00e3o s\u00f3 isso, mas essa passagem continua com uma bela imagem:<\/p><blockquote data-start=\"1311\" data-end=\"1536\"><em data-start=\"1313\" data-end=\"1536\">\u201cEles caem nos pastos do deserto,<br data-start=\"1359\" data-end=\"1362\" \/>E as pequenas colinas se alegram por todos os lados.<br data-start=\"1407\" data-end=\"1410\" \/>Os pastos est\u00e3o cobertos de rebanhos;<br data-start=\"1449\" data-end=\"1452\" \/>Os vales tamb\u00e9m est\u00e3o cobertos de gr\u00e3os;<br data-start=\"1494\" data-end=\"1497\" \/>Eles gritam de alegria, e tamb\u00e9m cantam.\u201d<\/em><\/blockquote><p>Ele veste os montes, cobre os prados, enche os vales. Como \u00e9 belo testemunhar a abund\u00e2ncia das b\u00ean\u00e7\u00e3os de Deus!<\/p><p>Sim, ao chegarmos ao final do ano, talvez tenha havido perdas. Talvez tenha havido trag\u00e9dias. Talvez voc\u00ea tenha enfrentado dificuldades ao longo do caminho. Mas mesmo com tudo isso, voc\u00ea pode olhar para tr\u00e1s e dizer: <em data-start=\"1877\" data-end=\"1907\">\u201cO Senhor esteve conosco.\u201d<\/em><\/p><p>Como disse certa vez o autor do hino:<\/p><blockquote data-start=\"1940\" data-end=\"2057\"><em data-start=\"1942\" data-end=\"2057\">\u201cJ\u00e1 tive muitas l\u00e1grimas e tristezas,<br data-start=\"1976\" data-end=\"1979\" \/>Tenho perguntas para amanh\u00e3.,<br data-start=\"2013\" data-end=\"2016\" \/>Mas, apesar de tudo... apesar de tudo...&quot;\u201d<\/em><\/blockquote><p>E essa \u00e9 a verdade: podemos enfrentar o amanh\u00e3 porque esse Deus est\u00e1 conosco.<\/p><p>Sim, <em data-start=\"2136\" data-end=\"2175\">Ele coroa o ano com a Sua bondade. <\/em>Ele \u00e9 um Deus bom. Ele \u00e9 um Pai amoroso.<\/p><p>Ent\u00e3o, enquanto voc\u00ea reflete sobre as b\u00ean\u00e7\u00e3os do Senhor e se prepara para entrar em 2026, quero encoraj\u00e1-lo a fazer algumas coisas: Revise o ano que passou. Reserve um tempo para olhar para tr\u00e1s. Lembre-se da fidelidade de Deus e das maneiras como Ele o proveu e o guiou. Reflita.<span style=\"font-family: -apple-system, BlinkMacSystemFont, 'Segoe UI', Roboto, 'Helvetica Neue', Arial, 'Noto Sans', sans-serif, 'Apple Color Emoji', 'Segoe UI Emoji', 'Segoe UI Symbol', 'Noto Color Emoji';\"> em Sua Bondade <\/span><span style=\"font-family: -apple-system, BlinkMacSystemFont, 'Segoe UI', Roboto, 'Helvetica Neue', Arial, 'Noto Sans', sans-serif, 'Apple Color Emoji', 'Segoe UI Emoji', 'Segoe UI Symbol', 'Noto Color Emoji';\">Deixe a gratid\u00e3o crescer em seu cora\u00e7\u00e3o ao refletir sobre tudo o que Ele fez \u2014 mesmo em tempos dif\u00edceis. <\/span>Reorientar<span style=\"font-family: -apple-system, BlinkMacSystemFont, 'Segoe UI', Roboto, 'Helvetica Neue', Arial, 'Noto Sans', sans-serif, 'Apple Color Emoji', 'Segoe UI Emoji', 'Segoe UI Symbol', 'Noto Color Emoji';\"> para o que est\u00e1 por vir <\/span><span style=\"font-family: -apple-system, BlinkMacSystemFont, 'Segoe UI', Roboto, 'Helvetica Neue', Arial, 'Noto Sans', sans-serif, 'Apple Color Emoji', 'Segoe UI Emoji', 'Segoe UI Symbol', 'Noto Color Emoji';\">Dedique seu cora\u00e7\u00e3o novamente a amar o Senhor seu Deus com <\/span><span style=\"font-family: -apple-system, BlinkMacSystemFont, 'Segoe UI', Roboto, 'Helvetica Neue', Arial, 'Noto Sans', sans-serif, 'Apple Color Emoji', 'Segoe UI Emoji', 'Segoe UI Symbol', 'Noto Color Emoji';\">todo o seu cora\u00e7\u00e3o<\/span><span style=\"font-family: -apple-system, BlinkMacSystemFont, 'Segoe UI', Roboto, 'Helvetica Neue', Arial, 'Noto Sans', sans-serif, 'Apple Color Emoji', 'Segoe UI Emoji', 'Segoe UI Symbol', 'Noto Color Emoji';\">, <\/span><span style=\"font-family: -apple-system, BlinkMacSystemFont, 'Segoe UI', Roboto, 'Helvetica Neue', Arial, 'Noto Sans', sans-serif, 'Apple Color Emoji', 'Segoe UI Emoji', 'Segoe UI Symbol', 'Noto Color Emoji';\">toda a sua alma<\/span><span style=\"font-family: -apple-system, BlinkMacSystemFont, 'Segoe UI', Roboto, 'Helvetica Neue', Arial, 'Noto Sans', sans-serif, 'Apple Color Emoji', 'Segoe UI Emoji', 'Segoe UI Symbol', 'Noto Color Emoji';\">, e <\/span><span style=\"font-family: -apple-system, BlinkMacSystemFont, 'Segoe UI', Roboto, 'Helvetica Neue', Arial, 'Noto Sans', sans-serif, 'Apple Color Emoji', 'Segoe UI Emoji', 'Segoe UI Symbol', 'Noto Color Emoji';\">toda a sua for\u00e7a<\/span><span style=\"font-family: -apple-system, BlinkMacSystemFont, 'Segoe UI', Roboto, 'Helvetica Neue', Arial, 'Noto Sans', sans-serif, 'Apple Color Emoji', 'Segoe UI Emoji', 'Segoe UI Symbol', 'Noto Color Emoji';\">.<\/span><\/p><p><strong>\u00c2ncora de hoje:<\/strong><br \/>Que o Deus que coroou 2025 com a Sua bondade te guie com ainda mais alegria, paz e prop\u00f3sito neste novo ano.<\/p>\t\t\t\t\t\t\t\t<\/div>\n\t\t\t\t<\/div>\n\t\t\t\t\t<\/div>\n\t\t<\/div>\n\t\t\t\t\t<\/div>\n\t\t<\/section>\n\t\t\t\t<\/div>","protected":false},"excerpt":{"rendered":"<p>You Crown The Year With Your Goodness \u201cYou crown the year with Your goodness, And Your paths drip with abundance.\u201d\u202d\u202dPsalms\u202c \u202d65\u202c:\u202d11\u202c How beautiful that is. This idea of crowning the year\u2014surrounding the year with God\u2019s goodness\u2014and that His path drips with abundance is so powerful. A friend of mine once wrote a calendar devotional and [&hellip;]<\/p>\n","protected":false},"author":1,"featured_media":0,"comment_status":"open","ping_status":"open","sticky":false,"template":"elementor_canvas","format":"standard","meta":{"nf_dc_page":"","_jetpack_newsletter_access":"","_jetpack_dont_email_post_to_subs":false,"_jetpack_newsletter_tier_id":0,"_jetpack_memberships_contains_paywalled_content":false,"_jetpack_feature_clip_id":0,"_jetpack_memberships_contains_paid_content":false,"footnotes":"","jetpack_publicize_message":"","jetpack_publicize_feature_enabled":true,"jetpack_social_post_already_shared":true,"jetpack_social_options":{"image_generator_settings":{"template":"highway","default_image_id":0,"font":"","enabled":false},"version":2},"jetpack_post_was_ever_published":false},"categories":[44],"tags":[],"class_list":["post-2445","post","type-post","status-publish","format-standard","hentry","category-devotional"],"yoast_head":"<!-- This site is optimized with the Yoast SEO plugin v28.4 - https:\/\/yoast.com\/product\/yoast-seo-wordpress\/ -->\n<title>You Crown The Year With Your Goodness | Anchors For Life<\/title>\n<meta name=\"robots\" content=\"index, follow, max-snippet:-1, max-image-preview:large, max-video-preview:-1\" \/>\n<link rel=\"canonical\" href=\"https:\/\/anchorsforlife.org\/pt\/you-crown-the-year-with-your-goodness\/\" \/>\n<meta property=\"og:locale\" content=\"pt_BR\" \/>\n<meta property=\"og:type\" content=\"article\" \/>\n<meta property=\"og:title\" content=\"You Crown The Year With Your Goodness | Anchors For Life\" \/>\n<meta property=\"og:description\" content=\"You Crown The Year With Your Goodness \u201cYou crown the year with Your goodness, And Your paths drip with abundance.\u201d\u202d\u202dPsalms\u202c \u202d65\u202c:\u202d11\u202c How beautiful that is. This idea of crowning the year\u2014surrounding the year with God\u2019s goodness\u2014and that His path drips with abundance is so powerful. A friend of mine once wrote a calendar devotional and [&hellip;]\" \/>\n<meta property=\"og:url\" content=\"https:\/\/anchorsforlife.org\/pt\/you-crown-the-year-with-your-goodness\/\" \/>\n<meta property=\"og:site_name\" content=\"Anchors For Life\" \/>\n<meta property=\"article:publisher\" content=\"https:\/\/www.facebook.com\/anchorsforlife\" \/>\n<meta property=\"article:published_time\" content=\"2025-12-31T15:27:33+00:00\" \/>\n<meta property=\"article:modified_time\" content=\"2025-12-31T15:32:56+00:00\" \/>\n<meta property=\"og:image\" content=\"https:\/\/i0.wp.com\/anchorsforlife.org\/wp-content\/uploads\/2025\/09\/Youtube-End-Slide-e1769744409320.png?fit=1154%2C597&ssl=1\" \/>\n\t<meta property=\"og:image:width\" content=\"1154\" \/>\n\t<meta property=\"og:image:height\" content=\"597\" \/>\n\t<meta property=\"og:image:type\" content=\"image\/png\" \/>\n<meta name=\"author\" content=\"Anchors For Life\" \/>\n<meta name=\"twitter:card\" content=\"summary_large_image\" \/>\n<meta name=\"twitter:label1\" content=\"Escrito por\" \/>\n\t<meta name=\"twitter:data1\" content=\"Anchors For Life\" \/>\n\t<meta name=\"twitter:label2\" content=\"Est. tempo de leitura\" \/>\n\t<meta name=\"twitter:data2\" content=\"2 minutos\" \/>\n<script type=\"application\/ld+json\" class=\"yoast-schema-graph\">{\"@context\":\"https:\\\/\\\/schema.org\",\"@graph\":[{\"@type\":\"Article\",\"@id\":\"https:\\\/\\\/anchorsforlife.org\\\/you-crown-the-year-with-your-goodness\\\/#article\",\"isPartOf\":{\"@id\":\"https:\\\/\\\/anchorsforlife.org\\\/you-crown-the-year-with-your-goodness\\\/\"},\"author\":{\"name\":\"Anchors For Life\",\"@id\":\"https:\\\/\\\/anchorsforlife.org\\\/#\\\/schema\\\/person\\\/0683e316720176621d45839989b97fe2\"},\"headline\":\"You Crown The Year With Your Goodness\",\"datePublished\":\"2025-12-31T15:27:33+00:00\",\"dateModified\":\"2025-12-31T15:32:56+00:00\",\"mainEntityOfPage\":{\"@id\":\"https:\\\/\\\/anchorsforlife.org\\\/you-crown-the-year-with-your-goodness\\\/\"},\"wordCount\":487,\"commentCount\":0,\"publisher\":{\"@id\":\"https:\\\/\\\/anchorsforlife.org\\\/#organization\"},\"articleSection\":[\"Devotional\"],\"inLanguage\":\"pt-BR\",\"potentialAction\":[{\"@type\":\"CommentAction\",\"name\":\"Comment\",\"target\":[\"https:\\\/\\\/anchorsforlife.org\\\/you-crown-the-year-with-your-goodness\\\/#respond\"]}]},{\"@type\":\"WebPage\",\"@id\":\"https:\\\/\\\/anchorsforlife.org\\\/you-crown-the-year-with-your-goodness\\\/\",\"url\":\"https:\\\/\\\/anchorsforlife.org\\\/you-crown-the-year-with-your-goodness\\\/\",\"name\":\"You Crown The Year With Your Goodness | Anchors For Life\",\"isPartOf\":{\"@id\":\"https:\\\/\\\/anchorsforlife.org\\\/#website\"},\"datePublished\":\"2025-12-31T15:27:33+00:00\",\"dateModified\":\"2025-12-31T15:32:56+00:00\",\"breadcrumb\":{\"@id\":\"https:\\\/\\\/anchorsforlife.org\\\/you-crown-the-year-with-your-goodness\\\/#breadcrumb\"},\"inLanguage\":\"pt-BR\",\"potentialAction\":[{\"@type\":\"ReadAction\",\"target\":[\"https:\\\/\\\/anchorsforlife.org\\\/you-crown-the-year-with-your-goodness\\\/\"]}]},{\"@type\":\"BreadcrumbList\",\"@id\":\"https:\\\/\\\/anchorsforlife.org\\\/you-crown-the-year-with-your-goodness\\\/#breadcrumb\",\"itemListElement\":[{\"@type\":\"ListItem\",\"position\":1,\"name\":\"Home\",\"item\":\"https:\\\/\\\/anchorsforlife.org\\\/\"},{\"@type\":\"ListItem\",\"position\":2,\"name\":\"You Crown The Year With Your Goodness\"}]},{\"@type\":\"WebSite\",\"@id\":\"https:\\\/\\\/anchorsforlife.org\\\/#website\",\"url\":\"https:\\\/\\\/anchorsforlife.org\\\/\",\"name\":\"Anchors For Life\",\"description\":\"Verse-by-verse Bible teaching, devotionals, and Christian living resources\",\"publisher\":{\"@id\":\"https:\\\/\\\/anchorsforlife.org\\\/#organization\"},\"potentialAction\":[{\"@type\":\"SearchAction\",\"target\":{\"@type\":\"EntryPoint\",\"urlTemplate\":\"https:\\\/\\\/anchorsforlife.org\\\/?s={search_term_string}\"},\"query-input\":{\"@type\":\"PropertyValueSpecification\",\"valueRequired\":true,\"valueName\":\"search_term_string\"}}],\"inLanguage\":\"pt-BR\"},{\"@type\":\"Organization\",\"@id\":\"https:\\\/\\\/anchorsforlife.org\\\/#organization\",\"name\":\"Anchors For Life\",\"url\":\"https:\\\/\\\/anchorsforlife.org\\\/\",\"logo\":{\"@type\":\"ImageObject\",\"inLanguage\":\"pt-BR\",\"@id\":\"https:\\\/\\\/anchorsforlife.org\\\/#\\\/schema\\\/logo\\\/image\\\/\",\"url\":\"https:\\\/\\\/i0.wp.com\\\/anchorsforlife.org\\\/wp-content\\\/uploads\\\/2022\\\/06\\\/LOGO-png-3500.png?fit=2750%2C2750&ssl=1\",\"contentUrl\":\"https:\\\/\\\/i0.wp.com\\\/anchorsforlife.org\\\/wp-content\\\/uploads\\\/2022\\\/06\\\/LOGO-png-3500.png?fit=2750%2C2750&ssl=1\",\"width\":2750,\"height\":2750,\"caption\":\"Anchors For Life\"},\"image\":{\"@id\":\"https:\\\/\\\/anchorsforlife.org\\\/#\\\/schema\\\/logo\\\/image\\\/\"},\"sameAs\":[\"https:\\\/\\\/www.facebook.com\\\/anchorsforlife\",\"https:\\\/\\\/www.youtube.com\\\/channel\\\/UCOS7aqmb67cD9TMNy187GRQ\"]},{\"@type\":\"Person\",\"@id\":\"https:\\\/\\\/anchorsforlife.org\\\/#\\\/schema\\\/person\\\/0683e316720176621d45839989b97fe2\",\"name\":\"Anchors For Life\",\"image\":{\"@type\":\"ImageObject\",\"inLanguage\":\"pt-BR\",\"@id\":\"https:\\\/\\\/secure.gravatar.com\\\/avatar\\\/1c63e698e66d39fa8d618ff8729397a2a666717202b9452fa5d16254d6ed5e22?s=96&d=mm&r=g\",\"url\":\"https:\\\/\\\/secure.gravatar.com\\\/avatar\\\/1c63e698e66d39fa8d618ff8729397a2a666717202b9452fa5d16254d6ed5e22?s=96&d=mm&r=g\",\"contentUrl\":\"https:\\\/\\\/secure.gravatar.com\\\/avatar\\\/1c63e698e66d39fa8d618ff8729397a2a666717202b9452fa5d16254d6ed5e22?s=96&d=mm&r=g\",\"caption\":\"Anchors For Life\"},\"url\":\"https:\\\/\\\/anchorsforlife.org\\\/pt\\\/author\\\/philberthadley\\\/\"}]}<\/script>\n<!-- \/ Yoast SEO plugin. -->","yoast_head_json":{"title":"You Crown The Year With Your Goodness | Anchors For Life","robots":{"index":"index","follow":"follow","max-snippet":"max-snippet:-1","max-image-preview":"max-image-preview:large","max-video-preview":"max-video-preview:-1"},"canonical":"https:\/\/anchorsforlife.org\/pt\/you-crown-the-year-with-your-goodness\/","og_locale":"pt_BR","og_type":"article","og_title":"You Crown The Year With Your Goodness | Anchors For Life","og_description":"You Crown The Year With Your Goodness \u201cYou crown the year with Your goodness, And Your paths drip with abundance.\u201d\u202d\u202dPsalms\u202c \u202d65\u202c:\u202d11\u202c How beautiful that is. This idea of crowning the year\u2014surrounding the year with God\u2019s goodness\u2014and that His path drips with abundance is so powerful. A friend of mine once wrote a calendar devotional and [&hellip;]","og_url":"https:\/\/anchorsforlife.org\/pt\/you-crown-the-year-with-your-goodness\/","og_site_name":"Anchors For Life","article_publisher":"https:\/\/www.facebook.com\/anchorsforlife","article_published_time":"2025-12-31T15:27:33+00:00","article_modified_time":"2025-12-31T15:32:56+00:00","og_image":[{"width":1154,"height":597,"url":"https:\/\/i0.wp.com\/anchorsforlife.org\/wp-content\/uploads\/2025\/09\/Youtube-End-Slide-e1769744409320.png?fit=1154%2C597&ssl=1","type":"image\/png"}],"author":"Anchors For Life","twitter_card":"summary_large_image","twitter_misc":{"Escrito por":"Anchors For Life","Est. tempo de leitura":"2 minutos"},"schema":{"@context":"https:\/\/schema.org","@graph":[{"@type":"Article","@id":"https:\/\/anchorsforlife.org\/you-crown-the-year-with-your-goodness\/#article","isPartOf":{"@id":"https:\/\/anchorsforlife.org\/you-crown-the-year-with-your-goodness\/"},"author":{"name":"Anchors For Life","@id":"https:\/\/anchorsforlife.org\/#\/schema\/person\/0683e316720176621d45839989b97fe2"},"headline":"You Crown The Year With Your Goodness","datePublished":"2025-12-31T15:27:33+00:00","dateModified":"2025-12-31T15:32:56+00:00","mainEntityOfPage":{"@id":"https:\/\/anchorsforlife.org\/you-crown-the-year-with-your-goodness\/"},"wordCount":487,"commentCount":0,"publisher":{"@id":"https:\/\/anchorsforlife.org\/#organization"},"articleSection":["Devotional"],"inLanguage":"pt-BR","potentialAction":[{"@type":"CommentAction","name":"Comment","target":["https:\/\/anchorsforlife.org\/you-crown-the-year-with-your-goodness\/#respond"]}]},{"@type":"WebPage","@id":"https:\/\/anchorsforlife.org\/you-crown-the-year-with-your-goodness\/","url":"https:\/\/anchorsforlife.org\/you-crown-the-year-with-your-goodness\/","name":"You Crown The Year With Your Goodness | Anchors For Life","isPartOf":{"@id":"https:\/\/anchorsforlife.org\/#website"},"datePublished":"2025-12-31T15:27:33+00:00","dateModified":"2025-12-31T15:32:56+00:00","breadcrumb":{"@id":"https:\/\/anchorsforlife.org\/you-crown-the-year-with-your-goodness\/#breadcrumb"},"inLanguage":"pt-BR","potentialAction":[{"@type":"ReadAction","target":["https:\/\/anchorsforlife.org\/you-crown-the-year-with-your-goodness\/"]}]},{"@type":"BreadcrumbList","@id":"https:\/\/anchorsforlife.org\/you-crown-the-year-with-your-goodness\/#breadcrumb","itemListElement":[{"@type":"ListItem","position":1,"name":"Home","item":"https:\/\/anchorsforlife.org\/"},{"@type":"ListItem","position":2,"name":"You Crown The Year With Your Goodness"}]},{"@type":"WebSite","@id":"https:\/\/anchorsforlife.org\/#website","url":"https:\/\/anchorsforlife.org\/","name":"\u00c2ncoras para a Vida","description":"Ensino b\u00edblico vers\u00edculo por vers\u00edculo, devocionais e recursos para a vida crist\u00e3.","publisher":{"@id":"https:\/\/anchorsforlife.org\/#organization"},"potentialAction":[{"@type":"SearchAction","target":{"@type":"EntryPoint","urlTemplate":"https:\/\/anchorsforlife.org\/?s={search_term_string}"},"query-input":{"@type":"PropertyValueSpecification","valueRequired":true,"valueName":"search_term_string"}}],"inLanguage":"pt-BR"},{"@type":"Organization","@id":"https:\/\/anchorsforlife.org\/#organization","name":"\u00c2ncoras para a Vida","url":"https:\/\/anchorsforlife.org\/","logo":{"@type":"ImageObject","inLanguage":"pt-BR","@id":"https:\/\/anchorsforlife.org\/#\/schema\/logo\/image\/","url":"https:\/\/i0.wp.com\/anchorsforlife.org\/wp-content\/uploads\/2022\/06\/LOGO-png-3500.png?fit=2750%2C2750&ssl=1","contentUrl":"https:\/\/i0.wp.com\/anchorsforlife.org\/wp-content\/uploads\/2022\/06\/LOGO-png-3500.png?fit=2750%2C2750&ssl=1","width":2750,"height":2750,"caption":"Anchors For Life"},"image":{"@id":"https:\/\/anchorsforlife.org\/#\/schema\/logo\/image\/"},"sameAs":["https:\/\/www.facebook.com\/anchorsforlife","https:\/\/www.youtube.com\/channel\/UCOS7aqmb67cD9TMNy187GRQ"]},{"@type":"Person","@id":"https:\/\/anchorsforlife.org\/#\/schema\/person\/0683e316720176621d45839989b97fe2","name":"\u00c2ncoras para a Vida","image":{"@type":"ImageObject","inLanguage":"pt-BR","@id":"https:\/\/secure.gravatar.com\/avatar\/1c63e698e66d39fa8d618ff8729397a2a666717202b9452fa5d16254d6ed5e22?s=96&d=mm&r=g","url":"https:\/\/secure.gravatar.com\/avatar\/1c63e698e66d39fa8d618ff8729397a2a666717202b9452fa5d16254d6ed5e22?s=96&d=mm&r=g","contentUrl":"https:\/\/secure.gravatar.com\/avatar\/1c63e698e66d39fa8d618ff8729397a2a666717202b9452fa5d16254d6ed5e22?s=96&d=mm&r=g","caption":"Anchors For Life"},"url":"https:\/\/anchorsforlife.org\/pt\/author\/philberthadley\/"}]}},"jetpack_publicize_connections":[],"jetpack_sharing_enabled":true,"jetpack_featured_media_url":"","_links":{"self":[{"href":"https:\/\/anchorsforlife.org\/pt\/wp-json\/wp\/v2\/posts\/2445","targetHints":{"allow":["GET"]}}],"collection":[{"href":"https:\/\/anchorsforlife.org\/pt\/wp-json\/wp\/v2\/posts"}],"about":[{"href":"https:\/\/anchorsforlife.org\/pt\/wp-json\/wp\/v2\/types\/post"}],"author":[{"embeddable":true,"href":"https:\/\/anchorsforlife.org\/pt\/wp-json\/wp\/v2\/users\/1"}],"replies":[{"embeddable":true,"href":"https:\/\/anchorsforlife.org\/pt\/wp-json\/wp\/v2\/comments?post=2445"}],"version-history":[{"count":5,"href":"https:\/\/anchorsforlife.org\/pt\/wp-json\/wp\/v2\/posts\/2445\/revisions"}],"predecessor-version":[{"id":2453,"href":"https:\/\/anchorsforlife.org\/pt\/wp-json\/wp\/v2\/posts\/2445\/revisions\/2453"}],"wp:attachment":[{"href":"https:\/\/anchorsforlife.org\/pt\/wp-json\/wp\/v2\/media?parent=2445"}],"wp:term":[{"taxonomy":"category","embeddable":true,"href":"https:\/\/anchorsforlife.org\/pt\/wp-json\/wp\/v2\/categories?post=2445"},{"taxonomy":"post_tag","embeddable":true,"href":"https:\/\/anchorsforlife.org\/pt\/wp-json\/wp\/v2\/tags?post=2445"}],"curies":[{"name":"wp","href":"https:\/\/api.w.org\/{rel}","templated":true}]}}