{"id":3992,"date":"2026-06-24T07:47:58","date_gmt":"2026-06-24T11:47:58","guid":{"rendered":"https:\/\/anchorsforlife.org\/?p=3992"},"modified":"2026-06-24T07:55:32","modified_gmt":"2026-06-24T11:55:32","slug":"the-proper-perspective","status":"publish","type":"post","link":"https:\/\/anchorsforlife.org\/fr\/the-proper-perspective\/","title":{"rendered":"La perspective appropri\u00e9e"},"content":{"rendered":"<div data-elementor-type=\"wp-post\" data-elementor-id=\"3992\" class=\"elementor elementor-3992\" data-elementor-post-type=\"post\">\n\t\t\t\t\t\t<section class=\"elementor-section elementor-top-section elementor-element elementor-element-fafa86e elementor-section-boxed elementor-section-height-default elementor-section-height-default\" data-id=\"fafa86e\" data-element_type=\"section\" data-e-type=\"section\">\n\t\t\t\t\t\t<div class=\"elementor-container elementor-column-gap-default\">\n\t\t\t\t\t<div class=\"elementor-column elementor-col-100 elementor-top-column elementor-element elementor-element-701c75f\" data-id=\"701c75f\" data-element_type=\"column\" data-e-type=\"column\">\n\t\t\t<div class=\"elementor-widget-wrap elementor-element-populated\">\n\t\t\t\t\t\t<div class=\"elementor-element elementor-element-4c4d011 elementor-widget elementor-widget-heading\" data-id=\"4c4d011\" data-element_type=\"widget\" data-e-type=\"widget\" data-widget_type=\"heading.default\">\n\t\t\t\t<div class=\"elementor-widget-container\">\n\t\t\t\t\t<h2 class=\"elementor-heading-title elementor-size-default\">La perspective appropri\u00e9e<\/h2>\t\t\t\t<\/div>\n\t\t\t\t<\/div>\n\t\t\t\t<div class=\"elementor-element elementor-element-4be831a elementor-widget elementor-widget-text-editor\" data-id=\"4be831a\" data-element_type=\"widget\" data-e-type=\"widget\" data-widget_type=\"text-editor.default\">\n\t\t\t\t<div class=\"elementor-widget-container\">\n\t\t\t\t\t\t\t\t\t<p style=\"text-align: center;\"><em>\u201c De plus, j\u2019ai vu sous le soleil : \u00e0 la place du jugement, il y avait la m\u00e9chancet\u00e9 ; et \u00e0 la place de la justice, il y avait l\u2019iniquit\u00e9. \u201d<br \/><strong>Eccl\u00e9siaste 3:16<\/strong><\/em><\/p><p>Dans la section suivante de l&#039;Eccl\u00e9siaste, Salomon \u00e9voque les injustices qu&#039;il a constat\u00e9es (3,16-22), l&#039;oppression manifeste qu&#039;il a observ\u00e9e (4,1-3), la vanit\u00e9 de l&#039;\u00e9gocentrisme (4,4-6) et la fugacit\u00e9 de la popularit\u00e9 (4,13-16). Il souligne \u00e9galement la valeur de l&#039;amiti\u00e9 (4,7-12). Chacune de ces sections commence par une formule de Salomon\u00a0: \u201c\u00a0J&#039;ai vu\u00a0\u201d, ou une expression similaire (3,16\u00a0; 4,1\u00a0; 4,4\u00a0; 4,7\u00a0; 4,15). Seuls les versets 4,13-16 et 4,15 font exception, bien que l&#039;on retrouve cette expression au verset 15.<\/p><p>Il aurait \u00e9t\u00e9 facile pour Salomon de se d\u00e9courager ou de penser que Dieu n&#039;\u00e9tait peut-\u00eatre pas ma\u00eetre de la situation, car ce qu&#039;il observait semblait contredire cette v\u00e9rit\u00e9. Asaph a v\u00e9cu une exp\u00e9rience similaire, qu&#039;il relate dans le Psaume 73. Il commence par admettre\u00a0: \u201c\u00a0Oui, Dieu est bon envers Isra\u00ebl, envers ceux qui ont le c\u0153ur pur. Mais pour moi, mes pieds ont failli tr\u00e9bucher, mes pas ont failli glisser. Car j&#039;\u00e9tais envieux des vantards, en voyant la prosp\u00e9rit\u00e9 des m\u00e9chants\u00a0\u201d (Ps. 73, 1-3).<\/p><p>Salomon per\u00e7ut ce qui semblait \u00eatre des contradictions. De m\u00eame, dans le Psaume 73:4-12, nous constatons que la perspective d&#039;Asaph s&#039;\u00e9tait d\u00e9form\u00e9e. Remarquez la r\u00e9p\u00e9tition des pronoms \u201c\u00a0ils\u00a0\u201d et \u201c\u00a0leurs\u00a0\u201d. \u00c0 maintes reprises, Asaph admet avoir \u00e9t\u00e9 pr\u00e9occup\u00e9 par les agissements des m\u00e9chants, qui semblaient rester impunis. Cela engendra en lui des doutes et des inqui\u00e9tudes.<\/p><p>Remarquez \u00e9galement que lorsqu&#039;Asaph se tourna vers l&#039;ext\u00e9rieur, il commen\u00e7a \u00e0 se concentrer sur lui-m\u00eame, et plus particuli\u00e8rement sur ses propres actes, ce qui engendra un sentiment de culpabilit\u00e9 (\u201c\u00a0pourquoi moi\u00a0?\u00a0\u201d). Dans les versets 13 \u00e0 17, Asaph utilise pr\u00e8s de dix fois le pronom personnel \u201c\u00a0je\u00a0\u201d. Cela ne fit qu&#039;accro\u00eetre sa profonde souffrance (Ps. 73:16).<\/p><p>Mais \u00e0 partir du verset 17, Asaph acquit une nouvelle perspective. Tout commen\u00e7a lorsqu&#039;il confia son c\u0153ur au Seigneur. Les choses s&#039;\u00e9claircirent lorsqu&#039;il entra en pr\u00e9sence de Dieu. Il confesse : \u201c Jusqu&#039;\u00e0 ce que je sois entr\u00e9 dans le sanctuaire de Dieu ; alors j&#039;ai compris leur fin \u201d (Ps. 73:17).<\/p><p>Asaph commen\u00e7a \u00e0 ressentir la puissance d&#039;une nouvelle perspective. Son langage \u00e9volua\u00a0: il passa de \u201c\u00a0ils\u00a0\u201d et \u201c\u00a0leur\u00a0\u201d \u00e0 \u201c\u00a0moi\u00a0\u201d et \u201c\u00a0je\u00a0\u201d, puis \u00e0 \u201c\u00a0toi\u00a0\u201d et \u201c\u00a0toi\u00a0\u201d. Il n&#039;\u00e9tait plus pr\u00e9occup\u00e9 par les m\u00e9chants ni par lui-m\u00eame. Au contraire, gr\u00e2ce au temps pass\u00e9 en pr\u00e9sence de Dieu, il commen\u00e7a \u00e0 voir les choses de son point de vue et comprit que Dieu \u00e9tait souverain. Il ne se sentait plus seul, mais go\u00fbtait \u00e0 la douce communion avec son Dieu.<\/p><p><strong>Ancre du jour :<\/strong><br \/>Comme Asaph et Salomon, il est facile de voir notre vision se d\u00e9former lorsque nous regardons dans la mauvaise direction. Nous devons fixer nos regards sur J\u00e9sus, l\u2019auteur et le consommateur de notre foi (H\u00e9breux 12:2).<\/p>\t\t\t\t\t\t\t\t<\/div>\n\t\t\t\t<\/div>\n\t\t\t\t\t<\/div>\n\t\t<\/div>\n\t\t\t\t\t<\/div>\n\t\t<\/section>\n\t\t\t\t<\/div>","protected":false},"excerpt":{"rendered":"<p>The Proper Perspective \u201cMoreover, I saw under the sun: In the place of judgment, wickedness was there; and in the place of righteousness, iniquity was there.\u201dEcclesiastes 3:16 In this next section of Ecclesiastes, Solomon writes about the injustices he observed (3:16\u201322), the obvious oppression he noticed (4:1\u20133), the vanity of a \u201cme first\u201d attitude (4:4\u20136), [&hellip;]<\/p>\n","protected":false},"author":1,"featured_media":0,"comment_status":"open","ping_status":"open","sticky":false,"template":"elementor_canvas","format":"standard","meta":{"nf_dc_page":"","_jetpack_newsletter_access":"","_jetpack_dont_email_post_to_subs":false,"_jetpack_newsletter_tier_id":0,"_jetpack_memberships_contains_paywalled_content":false,"_jetpack_feature_clip_id":0,"_jetpack_memberships_contains_paid_content":false,"footnotes":"","jetpack_publicize_message":"","jetpack_publicize_feature_enabled":true,"jetpack_social_post_already_shared":true,"jetpack_social_options":{"image_generator_settings":{"template":"highway","default_image_id":0,"font":"","enabled":false},"version":2},"jetpack_post_was_ever_published":false},"categories":[44],"tags":[],"class_list":["post-3992","post","type-post","status-publish","format-standard","hentry","category-devotional"],"yoast_head":"<!-- This site is optimized with the Yoast SEO plugin v28.4 - https:\/\/yoast.com\/product\/yoast-seo-wordpress\/ -->\n<title>The Proper Perspective | Anchors For Life<\/title>\n<meta name=\"robots\" content=\"index, follow, max-snippet:-1, max-image-preview:large, max-video-preview:-1\" \/>\n<link rel=\"canonical\" href=\"https:\/\/anchorsforlife.org\/fr\/the-proper-perspective\/\" \/>\n<meta property=\"og:locale\" content=\"fr_FR\" \/>\n<meta property=\"og:type\" content=\"article\" \/>\n<meta property=\"og:title\" content=\"The Proper Perspective | Anchors For Life\" \/>\n<meta property=\"og:description\" content=\"The Proper Perspective \u201cMoreover, I saw under the sun: In the place of judgment, wickedness was there; and in the place of righteousness, iniquity was there.\u201dEcclesiastes 3:16 In this next section of Ecclesiastes, Solomon writes about the injustices he observed (3:16\u201322), the obvious oppression he noticed (4:1\u20133), the vanity of a \u201cme first\u201d attitude (4:4\u20136), [&hellip;]\" \/>\n<meta property=\"og:url\" content=\"https:\/\/anchorsforlife.org\/fr\/the-proper-perspective\/\" \/>\n<meta property=\"og:site_name\" content=\"Anchors For Life\" \/>\n<meta property=\"article:publisher\" content=\"https:\/\/www.facebook.com\/anchorsforlife\" \/>\n<meta property=\"article:published_time\" content=\"2026-06-24T11:47:58+00:00\" \/>\n<meta property=\"article:modified_time\" content=\"2026-06-24T11:55:32+00:00\" \/>\n<meta property=\"og:image\" content=\"https:\/\/i0.wp.com\/anchorsforlife.org\/wp-content\/uploads\/2025\/09\/Youtube-End-Slide-e1769744409320.png?fit=1154%2C597&ssl=1\" \/>\n\t<meta property=\"og:image:width\" content=\"1154\" \/>\n\t<meta property=\"og:image:height\" content=\"597\" \/>\n\t<meta property=\"og:image:type\" content=\"image\/png\" \/>\n<meta name=\"author\" content=\"Anchors For Life\" \/>\n<meta name=\"twitter:card\" content=\"summary_large_image\" \/>\n<meta name=\"twitter:label1\" content=\"\u00c9crit par\" \/>\n\t<meta name=\"twitter:data1\" content=\"Anchors For Life\" \/>\n\t<meta name=\"twitter:label2\" content=\"Dur\u00e9e de lecture estim\u00e9e\" \/>\n\t<meta name=\"twitter:data2\" content=\"3 minutes\" \/>\n<script type=\"application\/ld+json\" class=\"yoast-schema-graph\">{\"@context\":\"https:\\\/\\\/schema.org\",\"@graph\":[{\"@type\":\"Article\",\"@id\":\"https:\\\/\\\/anchorsforlife.org\\\/the-proper-perspective\\\/#article\",\"isPartOf\":{\"@id\":\"https:\\\/\\\/anchorsforlife.org\\\/the-proper-perspective\\\/\"},\"author\":{\"name\":\"Anchors For Life\",\"@id\":\"https:\\\/\\\/anchorsforlife.org\\\/#\\\/schema\\\/person\\\/0683e316720176621d45839989b97fe2\"},\"headline\":\"The Proper Perspective\",\"datePublished\":\"2026-06-24T11:47:58+00:00\",\"dateModified\":\"2026-06-24T11:55:32+00:00\",\"mainEntityOfPage\":{\"@id\":\"https:\\\/\\\/anchorsforlife.org\\\/the-proper-perspective\\\/\"},\"wordCount\":444,\"commentCount\":0,\"publisher\":{\"@id\":\"https:\\\/\\\/anchorsforlife.org\\\/#organization\"},\"articleSection\":[\"Devotional\"],\"inLanguage\":\"fr-FR\",\"potentialAction\":[{\"@type\":\"CommentAction\",\"name\":\"Comment\",\"target\":[\"https:\\\/\\\/anchorsforlife.org\\\/the-proper-perspective\\\/#respond\"]}]},{\"@type\":\"WebPage\",\"@id\":\"https:\\\/\\\/anchorsforlife.org\\\/the-proper-perspective\\\/\",\"url\":\"https:\\\/\\\/anchorsforlife.org\\\/the-proper-perspective\\\/\",\"name\":\"The Proper Perspective | Anchors For Life\",\"isPartOf\":{\"@id\":\"https:\\\/\\\/anchorsforlife.org\\\/#website\"},\"datePublished\":\"2026-06-24T11:47:58+00:00\",\"dateModified\":\"2026-06-24T11:55:32+00:00\",\"breadcrumb\":{\"@id\":\"https:\\\/\\\/anchorsforlife.org\\\/the-proper-perspective\\\/#breadcrumb\"},\"inLanguage\":\"fr-FR\",\"potentialAction\":[{\"@type\":\"ReadAction\",\"target\":[\"https:\\\/\\\/anchorsforlife.org\\\/the-proper-perspective\\\/\"]}]},{\"@type\":\"BreadcrumbList\",\"@id\":\"https:\\\/\\\/anchorsforlife.org\\\/the-proper-perspective\\\/#breadcrumb\",\"itemListElement\":[{\"@type\":\"ListItem\",\"position\":1,\"name\":\"Home\",\"item\":\"https:\\\/\\\/anchorsforlife.org\\\/\"},{\"@type\":\"ListItem\",\"position\":2,\"name\":\"The Proper Perspective\"}]},{\"@type\":\"WebSite\",\"@id\":\"https:\\\/\\\/anchorsforlife.org\\\/#website\",\"url\":\"https:\\\/\\\/anchorsforlife.org\\\/\",\"name\":\"Anchors For Life\",\"description\":\"Verse-by-verse Bible teaching, devotionals, and Christian living resources\",\"publisher\":{\"@id\":\"https:\\\/\\\/anchorsforlife.org\\\/#organization\"},\"potentialAction\":[{\"@type\":\"SearchAction\",\"target\":{\"@type\":\"EntryPoint\",\"urlTemplate\":\"https:\\\/\\\/anchorsforlife.org\\\/?s={search_term_string}\"},\"query-input\":{\"@type\":\"PropertyValueSpecification\",\"valueRequired\":true,\"valueName\":\"search_term_string\"}}],\"inLanguage\":\"fr-FR\"},{\"@type\":\"Organization\",\"@id\":\"https:\\\/\\\/anchorsforlife.org\\\/#organization\",\"name\":\"Anchors For Life\",\"url\":\"https:\\\/\\\/anchorsforlife.org\\\/\",\"logo\":{\"@type\":\"ImageObject\",\"inLanguage\":\"fr-FR\",\"@id\":\"https:\\\/\\\/anchorsforlife.org\\\/#\\\/schema\\\/logo\\\/image\\\/\",\"url\":\"https:\\\/\\\/i0.wp.com\\\/anchorsforlife.org\\\/wp-content\\\/uploads\\\/2022\\\/06\\\/LOGO-png-3500.png?fit=2750%2C2750&ssl=1\",\"contentUrl\":\"https:\\\/\\\/i0.wp.com\\\/anchorsforlife.org\\\/wp-content\\\/uploads\\\/2022\\\/06\\\/LOGO-png-3500.png?fit=2750%2C2750&ssl=1\",\"width\":2750,\"height\":2750,\"caption\":\"Anchors For Life\"},\"image\":{\"@id\":\"https:\\\/\\\/anchorsforlife.org\\\/#\\\/schema\\\/logo\\\/image\\\/\"},\"sameAs\":[\"https:\\\/\\\/www.facebook.com\\\/anchorsforlife\",\"https:\\\/\\\/www.youtube.com\\\/channel\\\/UCOS7aqmb67cD9TMNy187GRQ\"]},{\"@type\":\"Person\",\"@id\":\"https:\\\/\\\/anchorsforlife.org\\\/#\\\/schema\\\/person\\\/0683e316720176621d45839989b97fe2\",\"name\":\"Anchors For Life\",\"image\":{\"@type\":\"ImageObject\",\"inLanguage\":\"fr-FR\",\"@id\":\"https:\\\/\\\/secure.gravatar.com\\\/avatar\\\/1c63e698e66d39fa8d618ff8729397a2a666717202b9452fa5d16254d6ed5e22?s=96&d=mm&r=g\",\"url\":\"https:\\\/\\\/secure.gravatar.com\\\/avatar\\\/1c63e698e66d39fa8d618ff8729397a2a666717202b9452fa5d16254d6ed5e22?s=96&d=mm&r=g\",\"contentUrl\":\"https:\\\/\\\/secure.gravatar.com\\\/avatar\\\/1c63e698e66d39fa8d618ff8729397a2a666717202b9452fa5d16254d6ed5e22?s=96&d=mm&r=g\",\"caption\":\"Anchors For Life\"},\"url\":\"https:\\\/\\\/anchorsforlife.org\\\/fr\\\/author\\\/philberthadley\\\/\"}]}<\/script>\n<!-- \/ Yoast SEO plugin. -->","yoast_head_json":{"title":"The Proper Perspective | Anchors For Life","robots":{"index":"index","follow":"follow","max-snippet":"max-snippet:-1","max-image-preview":"max-image-preview:large","max-video-preview":"max-video-preview:-1"},"canonical":"https:\/\/anchorsforlife.org\/fr\/the-proper-perspective\/","og_locale":"fr_FR","og_type":"article","og_title":"The Proper Perspective | Anchors For Life","og_description":"The Proper Perspective \u201cMoreover, I saw under the sun: In the place of judgment, wickedness was there; and in the place of righteousness, iniquity was there.\u201dEcclesiastes 3:16 In this next section of Ecclesiastes, Solomon writes about the injustices he observed (3:16\u201322), the obvious oppression he noticed (4:1\u20133), the vanity of a \u201cme first\u201d attitude (4:4\u20136), [&hellip;]","og_url":"https:\/\/anchorsforlife.org\/fr\/the-proper-perspective\/","og_site_name":"Anchors For Life","article_publisher":"https:\/\/www.facebook.com\/anchorsforlife","article_published_time":"2026-06-24T11:47:58+00:00","article_modified_time":"2026-06-24T11:55:32+00:00","og_image":[{"width":1154,"height":597,"url":"https:\/\/i0.wp.com\/anchorsforlife.org\/wp-content\/uploads\/2025\/09\/Youtube-End-Slide-e1769744409320.png?fit=1154%2C597&ssl=1","type":"image\/png"}],"author":"Anchors For Life","twitter_card":"summary_large_image","twitter_misc":{"\u00c9crit par":"Anchors For Life","Dur\u00e9e de lecture estim\u00e9e":"3 minutes"},"schema":{"@context":"https:\/\/schema.org","@graph":[{"@type":"Article","@id":"https:\/\/anchorsforlife.org\/the-proper-perspective\/#article","isPartOf":{"@id":"https:\/\/anchorsforlife.org\/the-proper-perspective\/"},"author":{"name":"Anchors For Life","@id":"https:\/\/anchorsforlife.org\/#\/schema\/person\/0683e316720176621d45839989b97fe2"},"headline":"The Proper Perspective","datePublished":"2026-06-24T11:47:58+00:00","dateModified":"2026-06-24T11:55:32+00:00","mainEntityOfPage":{"@id":"https:\/\/anchorsforlife.org\/the-proper-perspective\/"},"wordCount":444,"commentCount":0,"publisher":{"@id":"https:\/\/anchorsforlife.org\/#organization"},"articleSection":["Devotional"],"inLanguage":"fr-FR","potentialAction":[{"@type":"CommentAction","name":"Comment","target":["https:\/\/anchorsforlife.org\/the-proper-perspective\/#respond"]}]},{"@type":"WebPage","@id":"https:\/\/anchorsforlife.org\/the-proper-perspective\/","url":"https:\/\/anchorsforlife.org\/the-proper-perspective\/","name":"The Proper Perspective | Anchors For Life","isPartOf":{"@id":"https:\/\/anchorsforlife.org\/#website"},"datePublished":"2026-06-24T11:47:58+00:00","dateModified":"2026-06-24T11:55:32+00:00","breadcrumb":{"@id":"https:\/\/anchorsforlife.org\/the-proper-perspective\/#breadcrumb"},"inLanguage":"fr-FR","potentialAction":[{"@type":"ReadAction","target":["https:\/\/anchorsforlife.org\/the-proper-perspective\/"]}]},{"@type":"BreadcrumbList","@id":"https:\/\/anchorsforlife.org\/the-proper-perspective\/#breadcrumb","itemListElement":[{"@type":"ListItem","position":1,"name":"Home","item":"https:\/\/anchorsforlife.org\/"},{"@type":"ListItem","position":2,"name":"The Proper Perspective"}]},{"@type":"WebSite","@id":"https:\/\/anchorsforlife.org\/#website","url":"https:\/\/anchorsforlife.org\/","name":"Des ancres pour la vie","description":"Enseignements bibliques verset par verset, m\u00e9ditations et ressources pour la vie chr\u00e9tienne","publisher":{"@id":"https:\/\/anchorsforlife.org\/#organization"},"potentialAction":[{"@type":"SearchAction","target":{"@type":"EntryPoint","urlTemplate":"https:\/\/anchorsforlife.org\/?s={search_term_string}"},"query-input":{"@type":"PropertyValueSpecification","valueRequired":true,"valueName":"search_term_string"}}],"inLanguage":"fr-FR"},{"@type":"Organization","@id":"https:\/\/anchorsforlife.org\/#organization","name":"Des ancres pour la vie","url":"https:\/\/anchorsforlife.org\/","logo":{"@type":"ImageObject","inLanguage":"fr-FR","@id":"https:\/\/anchorsforlife.org\/#\/schema\/logo\/image\/","url":"https:\/\/i0.wp.com\/anchorsforlife.org\/wp-content\/uploads\/2022\/06\/LOGO-png-3500.png?fit=2750%2C2750&ssl=1","contentUrl":"https:\/\/i0.wp.com\/anchorsforlife.org\/wp-content\/uploads\/2022\/06\/LOGO-png-3500.png?fit=2750%2C2750&ssl=1","width":2750,"height":2750,"caption":"Anchors For Life"},"image":{"@id":"https:\/\/anchorsforlife.org\/#\/schema\/logo\/image\/"},"sameAs":["https:\/\/www.facebook.com\/anchorsforlife","https:\/\/www.youtube.com\/channel\/UCOS7aqmb67cD9TMNy187GRQ"]},{"@type":"Person","@id":"https:\/\/anchorsforlife.org\/#\/schema\/person\/0683e316720176621d45839989b97fe2","name":"Des ancres pour la vie","image":{"@type":"ImageObject","inLanguage":"fr-FR","@id":"https:\/\/secure.gravatar.com\/avatar\/1c63e698e66d39fa8d618ff8729397a2a666717202b9452fa5d16254d6ed5e22?s=96&d=mm&r=g","url":"https:\/\/secure.gravatar.com\/avatar\/1c63e698e66d39fa8d618ff8729397a2a666717202b9452fa5d16254d6ed5e22?s=96&d=mm&r=g","contentUrl":"https:\/\/secure.gravatar.com\/avatar\/1c63e698e66d39fa8d618ff8729397a2a666717202b9452fa5d16254d6ed5e22?s=96&d=mm&r=g","caption":"Anchors For Life"},"url":"https:\/\/anchorsforlife.org\/fr\/author\/philberthadley\/"}]}},"jetpack_publicize_connections":[],"jetpack_sharing_enabled":true,"jetpack_featured_media_url":"","_links":{"self":[{"href":"https:\/\/anchorsforlife.org\/fr\/wp-json\/wp\/v2\/posts\/3992","targetHints":{"allow":["GET"]}}],"collection":[{"href":"https:\/\/anchorsforlife.org\/fr\/wp-json\/wp\/v2\/posts"}],"about":[{"href":"https:\/\/anchorsforlife.org\/fr\/wp-json\/wp\/v2\/types\/post"}],"author":[{"embeddable":true,"href":"https:\/\/anchorsforlife.org\/fr\/wp-json\/wp\/v2\/users\/1"}],"replies":[{"embeddable":true,"href":"https:\/\/anchorsforlife.org\/fr\/wp-json\/wp\/v2\/comments?post=3992"}],"version-history":[{"count":5,"href":"https:\/\/anchorsforlife.org\/fr\/wp-json\/wp\/v2\/posts\/3992\/revisions"}],"predecessor-version":[{"id":3997,"href":"https:\/\/anchorsforlife.org\/fr\/wp-json\/wp\/v2\/posts\/3992\/revisions\/3997"}],"wp:attachment":[{"href":"https:\/\/anchorsforlife.org\/fr\/wp-json\/wp\/v2\/media?parent=3992"}],"wp:term":[{"taxonomy":"category","embeddable":true,"href":"https:\/\/anchorsforlife.org\/fr\/wp-json\/wp\/v2\/categories?post=3992"},{"taxonomy":"post_tag","embeddable":true,"href":"https:\/\/anchorsforlife.org\/fr\/wp-json\/wp\/v2\/tags?post=3992"}],"curies":[{"name":"wp","href":"https:\/\/api.w.org\/{rel}","templated":true}]}}