{"id":2551,"date":"2026-01-23T13:55:06","date_gmt":"2026-01-23T13:55:06","guid":{"rendered":"https:\/\/anchorsforlife.org\/?p=2551"},"modified":"2026-01-23T14:03:11","modified_gmt":"2026-01-23T14:03:11","slug":"i-am-the-life","status":"publish","type":"post","link":"https:\/\/anchorsforlife.org\/fr\/i-am-the-life\/","title":{"rendered":"Je suis la vie"},"content":{"rendered":"<div data-elementor-type=\"wp-post\" data-elementor-id=\"2551\" class=\"elementor elementor-2551\" data-elementor-post-type=\"post\">\n\t\t\t\t\t\t<section class=\"elementor-section elementor-top-section elementor-element elementor-element-6324aa3 elementor-section-boxed elementor-section-height-default elementor-section-height-default\" data-id=\"6324aa3\" data-element_type=\"section\" data-e-type=\"section\">\n\t\t\t\t\t\t<div class=\"elementor-container elementor-column-gap-default\">\n\t\t\t\t\t<div class=\"elementor-column elementor-col-100 elementor-top-column elementor-element elementor-element-5abf278\" data-id=\"5abf278\" data-element_type=\"column\" data-e-type=\"column\">\n\t\t\t<div class=\"elementor-widget-wrap elementor-element-populated\">\n\t\t\t\t\t\t<div class=\"elementor-element elementor-element-3f22e2a elementor-widget elementor-widget-heading\" data-id=\"3f22e2a\" data-element_type=\"widget\" data-e-type=\"widget\" data-widget_type=\"heading.default\">\n\t\t\t\t<div class=\"elementor-widget-container\">\n\t\t\t\t\t<h2 class=\"elementor-heading-title elementor-size-default\">Je suis la vie<\/h2>\t\t\t\t<\/div>\n\t\t\t\t<\/div>\n\t\t\t\t<div class=\"elementor-element elementor-element-db23f49 elementor-widget elementor-widget-text-editor\" data-id=\"db23f49\" data-element_type=\"widget\" data-e-type=\"widget\" data-widget_type=\"text-editor.default\">\n\t\t\t\t<div class=\"elementor-widget-container\">\n\t\t\t\t\t\t\t\t\t<blockquote><p class=\"elementor-blockquote__content\" style=\"text-align: center;\">\u201c Je suis le Chemin, la V\u00e9rit\u00e9 et la Vie. Nul ne vient au P\u00e8re que par moi. \u201d<br \/><strong><span style=\"font-family: -apple-system, BlinkMacSystemFont, 'Segoe UI', Roboto, 'Helvetica Neue', Arial, 'Noto Sans', sans-serif, 'Apple Color Emoji', 'Segoe UI Emoji', 'Segoe UI Symbol', 'Noto Color Emoji';\">Jean 14:6<\/span><\/strong><\/p><\/blockquote><p data-start=\"197\" data-end=\"526\">Le Seigneur J\u00e9sus venait d&#039;annoncer sa mort \u00e0 ses disciples, et il se d\u00e9clarait maintenant la source de toute vie. <em data-start=\"335\" data-end=\"350\">Jean 10:17-18<\/em>, Il annon\u00e7a qu&#039;il donnerait sa vie pour ses brebis et qu&#039;il la reprendrait ensuite. Il parla de son autorit\u00e9 sur la vie et la mort comme d&#039;un don que le P\u00e8re lui avait accord\u00e9.<\/p><p data-start=\"528\" data-end=\"825\">Dans <em data-start=\"531\" data-end=\"543\">Jean 14:19<\/em>, Il a promis, <em data-start=\"558\" data-end=\"597\">\u201c Parce que je vis, vous vivrez aussi. \u201d<\/em> La d\u00e9livrance qu&#039;il allait apporter n&#039;\u00e9tait pas une d\u00e9livrance politique ou sociale \u2014 comme la plupart des Juifs l&#039;esp\u00e9raient \u2014 mais une v\u00e9ritable d\u00e9livrance\u00a0: celle d&#039;une vie d&#039;esclavage au p\u00e9ch\u00e9 et \u00e0 la mort vers une vie de libert\u00e9 qui m\u00e8ne \u00e0 l&#039;\u00e9ternit\u00e9.<\/p><p data-start=\"827\" data-end=\"910\">C&#039;est la vie \u00e9ternelle qui nous a \u00e9t\u00e9 donn\u00e9e par Celui qui <em data-start=\"883\" data-end=\"887\">est<\/em> la vie. Comme J\u00e9sus l&#039;a pri\u00e9 :<\/p><blockquote data-start=\"912\" data-end=\"1155\"><p data-start=\"914\" data-end=\"1155\"><em data-start=\"914\" data-end=\"1135\">\u201c Tu lui as donn\u00e9 autorit\u00e9 sur toute chair, afin qu\u2019il donne la vie \u00e9ternelle \u00e0 tous ceux que tu lui as donn\u00e9s. Or, la vie \u00e9ternelle, c\u2019est qu\u2019ils te connaissent, toi, le seul vrai Dieu, et celui que tu as envoy\u00e9, J\u00e9sus-Christ. \u201d <\/em><em data-start=\"1142\" data-end=\"1155\">Jean 17:2\u20133<\/em><\/p><\/blockquote><p data-start=\"1157\" data-end=\"1243\">On nous a donn\u00e9 <em data-start=\"1176\" data-end=\"1226\">\u201c tout ce qui concerne la vie et la pi\u00e9t\u00e9 \u201d<\/em> (<em data-start=\"1228\" data-end=\"1241\">2 Pierre 1:3<\/em>).<\/p><p data-start=\"1294\" data-end=\"1516\">Revenez sur <em data-start=\"1307\" data-end=\"1319\">Jean 14:22<\/em>, o\u00f9 Judas (et non Iscariote) demanda, <em data-start=\"1355\" data-end=\"1435\">\u201c Seigneur, comment se fait-il que tu te manifestes \u00e0 nous et non au monde ? \u201d<\/em><br data-start=\"1435\" data-end=\"1438\" \/>Cela soul\u00e8ve une question importante : comment la Vie se manifeste-t-elle en nous aujourd&#039;hui ?<\/p><p data-start=\"1518\" data-end=\"1533\">J\u00e9sus r\u00e9pondit : <em style=\"font-family: -apple-system, BlinkMacSystemFont, 'Segoe UI', Roboto, 'Helvetica Neue', Arial, 'Noto Sans', sans-serif, 'Apple Color Emoji', 'Segoe UI Emoji', 'Segoe UI Symbol', 'Noto Color Emoji';\" data-start=\"1537\" data-end=\"1663\">\u201c Si quelqu\u2019un m\u2019aime, il gardera ma parole ; mon P\u00e8re l\u2019aimera, nous viendrons \u00e0 lui et nous ferons notre demeure chez lui. \u201d<\/em><\/p><p data-start=\"1665\" data-end=\"1877\">Il a ensuite repris son discours sur la Personne et l&#039;\u0153uvre du Saint-Esprit. Par la pr\u00e9sence et la puissance de l&#039;Esprit de Dieu qui habite en nous, cette vie se r\u00e9alise et s&#039;exprime m\u00eame \u00e0 travers nous. En suivant la Parole de Dieu et en la mettant en pratique chaque jour, le Saint-Esprit nous fortifie, nous remplit de puissance et nous conforme \u00e0 Christ.<\/p><p data-start=\"2055\" data-end=\"2140\">Je voudrais souligner un autre aspect de cette vie. Regardez <em data-start=\"2127\" data-end=\"2139\">Jean 14:27<\/em>:<\/p><blockquote data-start=\"2142\" data-end=\"2294\"><p data-start=\"2144\" data-end=\"2294\"><em data-start=\"2144\" data-end=\"2294\">\u201c Je vous laisse la paix, je vous donne ma paix. Je ne vous la donne pas comme le monde la donne. Que votre c\u0153ur ne se trouble point, et ne s\u2019alarme point. \u201d<\/em><\/p><\/blockquote><p data-start=\"2296\" data-end=\"2325\">Consid\u00e9rez ensuite <em data-start=\"2310\" data-end=\"2324\">Jean 15:9-11<\/em>:<\/p><blockquote data-start=\"2327\" data-end=\"2626\"><p data-start=\"2329\" data-end=\"2626\"><em data-start=\"2329\" data-end=\"2626\">\u201c Comme le P\u00e8re m\u2019a aim\u00e9, je vous ai aussi aim\u00e9s\u00a0; demeurez dans mon amour. Si vous gardez mes commandements, vous demeurerez dans mon amour, comme j\u2019ai gard\u00e9 les commandements de mon P\u00e8re et que je demeure dans son amour. Je vous ai dit ces choses afin que ma joie soit en vous et que votre joie soit parfaite. \u201d<\/em><\/p><\/blockquote><p data-start=\"2628\" data-end=\"2744\">Celui qui dit, <em data-start=\"2646\" data-end=\"2664\">\u201c Je suis la Vie \u201d,\u201d<\/em> dit \u00e9galement, <em data-start=\"2676\" data-end=\"2703\">\u201c Je vous donne ma paix. \u201d<\/em> et <em data-start=\"2708\" data-end=\"2742\">\u201c afin que ma joie demeure en vous. \u201d <\/em>Voici la vie que nous avons en Christ.<\/p><p data-start=\"2628\" data-end=\"2744\"><strong>Ancre du jour :<\/strong><br \/>En J\u00e9sus-Christ, nous avons la vie \u00e9ternelle et la vie en abondance ; pleine de paix et pleine de joie.<\/p>\t\t\t\t\t\t\t\t<\/div>\n\t\t\t\t<\/div>\n\t\t\t\t\t<\/div>\n\t\t<\/div>\n\t\t\t\t\t<\/div>\n\t\t<\/section>\n\t\t\t\t<\/div>","protected":false},"excerpt":{"rendered":"<p>I Am The Life \u201cI am the Way, the Truth, and the Life. No one comes to the Father except through Me.\u201dJohn 14:6 The Lord Jesus had just been telling His disciples about His death, and now He was declaring Himself to be the source of all life. In John 10:17\u201318, He announced that He [&hellip;]<\/p>\n","protected":false},"author":1,"featured_media":0,"comment_status":"open","ping_status":"open","sticky":false,"template":"elementor_canvas","format":"standard","meta":{"nf_dc_page":"","_jetpack_newsletter_access":"","_jetpack_dont_email_post_to_subs":false,"_jetpack_newsletter_tier_id":0,"_jetpack_memberships_contains_paywalled_content":false,"_jetpack_feature_clip_id":0,"_jetpack_memberships_contains_paid_content":false,"footnotes":"","jetpack_publicize_message":"","jetpack_publicize_feature_enabled":true,"jetpack_social_post_already_shared":true,"jetpack_social_options":{"image_generator_settings":{"template":"highway","default_image_id":0,"font":"","enabled":false},"version":2},"jetpack_post_was_ever_published":false},"categories":[44],"tags":[],"class_list":["post-2551","post","type-post","status-publish","format-standard","hentry","category-devotional"],"yoast_head":"<!-- This site is optimized with the Yoast SEO plugin v28.4 - https:\/\/yoast.com\/product\/yoast-seo-wordpress\/ -->\n<title>I Am The Life | Anchors For Life<\/title>\n<meta name=\"robots\" content=\"index, follow, max-snippet:-1, max-image-preview:large, max-video-preview:-1\" \/>\n<link rel=\"canonical\" href=\"https:\/\/anchorsforlife.org\/fr\/i-am-the-life\/\" \/>\n<meta property=\"og:locale\" content=\"fr_FR\" \/>\n<meta property=\"og:type\" content=\"article\" \/>\n<meta property=\"og:title\" content=\"I Am The Life | Anchors For Life\" \/>\n<meta property=\"og:description\" content=\"I Am The Life \u201cI am the Way, the Truth, and the Life. No one comes to the Father except through Me.\u201dJohn 14:6 The Lord Jesus had just been telling His disciples about His death, and now He was declaring Himself to be the source of all life. In John 10:17\u201318, He announced that He [&hellip;]\" \/>\n<meta property=\"og:url\" content=\"https:\/\/anchorsforlife.org\/fr\/i-am-the-life\/\" \/>\n<meta property=\"og:site_name\" content=\"Anchors For Life\" \/>\n<meta property=\"article:publisher\" content=\"https:\/\/www.facebook.com\/anchorsforlife\" \/>\n<meta property=\"article:published_time\" content=\"2026-01-23T13:55:06+00:00\" \/>\n<meta property=\"article:modified_time\" content=\"2026-01-23T14:03:11+00:00\" \/>\n<meta property=\"og:image\" content=\"https:\/\/i0.wp.com\/anchorsforlife.org\/wp-content\/uploads\/2025\/09\/Youtube-End-Slide-e1769744409320.png?fit=1154%2C597&ssl=1\" \/>\n\t<meta property=\"og:image:width\" content=\"1154\" \/>\n\t<meta property=\"og:image:height\" content=\"597\" \/>\n\t<meta property=\"og:image:type\" content=\"image\/png\" \/>\n<meta name=\"author\" content=\"Anchors For Life\" \/>\n<meta name=\"twitter:card\" content=\"summary_large_image\" \/>\n<meta name=\"twitter:label1\" content=\"\u00c9crit par\" \/>\n\t<meta name=\"twitter:data1\" content=\"Anchors For Life\" \/>\n\t<meta name=\"twitter:label2\" content=\"Dur\u00e9e de lecture estim\u00e9e\" \/>\n\t<meta name=\"twitter:data2\" content=\"2 minutes\" \/>\n<script type=\"application\/ld+json\" class=\"yoast-schema-graph\">{\"@context\":\"https:\\\/\\\/schema.org\",\"@graph\":[{\"@type\":\"Article\",\"@id\":\"https:\\\/\\\/anchorsforlife.org\\\/i-am-the-life\\\/#article\",\"isPartOf\":{\"@id\":\"https:\\\/\\\/anchorsforlife.org\\\/i-am-the-life\\\/\"},\"author\":{\"name\":\"Anchors For Life\",\"@id\":\"https:\\\/\\\/anchorsforlife.org\\\/#\\\/schema\\\/person\\\/0683e316720176621d45839989b97fe2\"},\"headline\":\"I Am The Life\",\"datePublished\":\"2026-01-23T13:55:06+00:00\",\"dateModified\":\"2026-01-23T14:03:11+00:00\",\"mainEntityOfPage\":{\"@id\":\"https:\\\/\\\/anchorsforlife.org\\\/i-am-the-life\\\/\"},\"wordCount\":502,\"commentCount\":0,\"publisher\":{\"@id\":\"https:\\\/\\\/anchorsforlife.org\\\/#organization\"},\"articleSection\":[\"Devotional\"],\"inLanguage\":\"fr-FR\",\"potentialAction\":[{\"@type\":\"CommentAction\",\"name\":\"Comment\",\"target\":[\"https:\\\/\\\/anchorsforlife.org\\\/i-am-the-life\\\/#respond\"]}]},{\"@type\":\"WebPage\",\"@id\":\"https:\\\/\\\/anchorsforlife.org\\\/i-am-the-life\\\/\",\"url\":\"https:\\\/\\\/anchorsforlife.org\\\/i-am-the-life\\\/\",\"name\":\"I Am The Life | Anchors For Life\",\"isPartOf\":{\"@id\":\"https:\\\/\\\/anchorsforlife.org\\\/#website\"},\"datePublished\":\"2026-01-23T13:55:06+00:00\",\"dateModified\":\"2026-01-23T14:03:11+00:00\",\"breadcrumb\":{\"@id\":\"https:\\\/\\\/anchorsforlife.org\\\/i-am-the-life\\\/#breadcrumb\"},\"inLanguage\":\"fr-FR\",\"potentialAction\":[{\"@type\":\"ReadAction\",\"target\":[\"https:\\\/\\\/anchorsforlife.org\\\/i-am-the-life\\\/\"]}]},{\"@type\":\"BreadcrumbList\",\"@id\":\"https:\\\/\\\/anchorsforlife.org\\\/i-am-the-life\\\/#breadcrumb\",\"itemListElement\":[{\"@type\":\"ListItem\",\"position\":1,\"name\":\"Home\",\"item\":\"https:\\\/\\\/anchorsforlife.org\\\/\"},{\"@type\":\"ListItem\",\"position\":2,\"name\":\"I Am The Life\"}]},{\"@type\":\"WebSite\",\"@id\":\"https:\\\/\\\/anchorsforlife.org\\\/#website\",\"url\":\"https:\\\/\\\/anchorsforlife.org\\\/\",\"name\":\"Anchors For Life\",\"description\":\"Verse-by-verse Bible teaching, devotionals, and Christian living resources\",\"publisher\":{\"@id\":\"https:\\\/\\\/anchorsforlife.org\\\/#organization\"},\"potentialAction\":[{\"@type\":\"SearchAction\",\"target\":{\"@type\":\"EntryPoint\",\"urlTemplate\":\"https:\\\/\\\/anchorsforlife.org\\\/?s={search_term_string}\"},\"query-input\":{\"@type\":\"PropertyValueSpecification\",\"valueRequired\":true,\"valueName\":\"search_term_string\"}}],\"inLanguage\":\"fr-FR\"},{\"@type\":\"Organization\",\"@id\":\"https:\\\/\\\/anchorsforlife.org\\\/#organization\",\"name\":\"Anchors For Life\",\"url\":\"https:\\\/\\\/anchorsforlife.org\\\/\",\"logo\":{\"@type\":\"ImageObject\",\"inLanguage\":\"fr-FR\",\"@id\":\"https:\\\/\\\/anchorsforlife.org\\\/#\\\/schema\\\/logo\\\/image\\\/\",\"url\":\"https:\\\/\\\/i0.wp.com\\\/anchorsforlife.org\\\/wp-content\\\/uploads\\\/2022\\\/06\\\/LOGO-png-3500.png?fit=2750%2C2750&ssl=1\",\"contentUrl\":\"https:\\\/\\\/i0.wp.com\\\/anchorsforlife.org\\\/wp-content\\\/uploads\\\/2022\\\/06\\\/LOGO-png-3500.png?fit=2750%2C2750&ssl=1\",\"width\":2750,\"height\":2750,\"caption\":\"Anchors For Life\"},\"image\":{\"@id\":\"https:\\\/\\\/anchorsforlife.org\\\/#\\\/schema\\\/logo\\\/image\\\/\"},\"sameAs\":[\"https:\\\/\\\/www.facebook.com\\\/anchorsforlife\",\"https:\\\/\\\/www.youtube.com\\\/channel\\\/UCOS7aqmb67cD9TMNy187GRQ\"]},{\"@type\":\"Person\",\"@id\":\"https:\\\/\\\/anchorsforlife.org\\\/#\\\/schema\\\/person\\\/0683e316720176621d45839989b97fe2\",\"name\":\"Anchors For Life\",\"image\":{\"@type\":\"ImageObject\",\"inLanguage\":\"fr-FR\",\"@id\":\"https:\\\/\\\/secure.gravatar.com\\\/avatar\\\/1c63e698e66d39fa8d618ff8729397a2a666717202b9452fa5d16254d6ed5e22?s=96&d=mm&r=g\",\"url\":\"https:\\\/\\\/secure.gravatar.com\\\/avatar\\\/1c63e698e66d39fa8d618ff8729397a2a666717202b9452fa5d16254d6ed5e22?s=96&d=mm&r=g\",\"contentUrl\":\"https:\\\/\\\/secure.gravatar.com\\\/avatar\\\/1c63e698e66d39fa8d618ff8729397a2a666717202b9452fa5d16254d6ed5e22?s=96&d=mm&r=g\",\"caption\":\"Anchors For Life\"},\"url\":\"https:\\\/\\\/anchorsforlife.org\\\/fr\\\/author\\\/philberthadley\\\/\"}]}<\/script>\n<!-- \/ Yoast SEO plugin. -->","yoast_head_json":{"title":"I Am The Life | Anchors For Life","robots":{"index":"index","follow":"follow","max-snippet":"max-snippet:-1","max-image-preview":"max-image-preview:large","max-video-preview":"max-video-preview:-1"},"canonical":"https:\/\/anchorsforlife.org\/fr\/i-am-the-life\/","og_locale":"fr_FR","og_type":"article","og_title":"I Am The Life | Anchors For Life","og_description":"I Am The Life \u201cI am the Way, the Truth, and the Life. No one comes to the Father except through Me.\u201dJohn 14:6 The Lord Jesus had just been telling His disciples about His death, and now He was declaring Himself to be the source of all life. In John 10:17\u201318, He announced that He [&hellip;]","og_url":"https:\/\/anchorsforlife.org\/fr\/i-am-the-life\/","og_site_name":"Anchors For Life","article_publisher":"https:\/\/www.facebook.com\/anchorsforlife","article_published_time":"2026-01-23T13:55:06+00:00","article_modified_time":"2026-01-23T14:03:11+00:00","og_image":[{"width":1154,"height":597,"url":"https:\/\/i0.wp.com\/anchorsforlife.org\/wp-content\/uploads\/2025\/09\/Youtube-End-Slide-e1769744409320.png?fit=1154%2C597&ssl=1","type":"image\/png"}],"author":"Anchors For Life","twitter_card":"summary_large_image","twitter_misc":{"\u00c9crit par":"Anchors For Life","Dur\u00e9e de lecture estim\u00e9e":"2 minutes"},"schema":{"@context":"https:\/\/schema.org","@graph":[{"@type":"Article","@id":"https:\/\/anchorsforlife.org\/i-am-the-life\/#article","isPartOf":{"@id":"https:\/\/anchorsforlife.org\/i-am-the-life\/"},"author":{"name":"Anchors For Life","@id":"https:\/\/anchorsforlife.org\/#\/schema\/person\/0683e316720176621d45839989b97fe2"},"headline":"I Am The Life","datePublished":"2026-01-23T13:55:06+00:00","dateModified":"2026-01-23T14:03:11+00:00","mainEntityOfPage":{"@id":"https:\/\/anchorsforlife.org\/i-am-the-life\/"},"wordCount":502,"commentCount":0,"publisher":{"@id":"https:\/\/anchorsforlife.org\/#organization"},"articleSection":["Devotional"],"inLanguage":"fr-FR","potentialAction":[{"@type":"CommentAction","name":"Comment","target":["https:\/\/anchorsforlife.org\/i-am-the-life\/#respond"]}]},{"@type":"WebPage","@id":"https:\/\/anchorsforlife.org\/i-am-the-life\/","url":"https:\/\/anchorsforlife.org\/i-am-the-life\/","name":"I Am The Life | Anchors For Life","isPartOf":{"@id":"https:\/\/anchorsforlife.org\/#website"},"datePublished":"2026-01-23T13:55:06+00:00","dateModified":"2026-01-23T14:03:11+00:00","breadcrumb":{"@id":"https:\/\/anchorsforlife.org\/i-am-the-life\/#breadcrumb"},"inLanguage":"fr-FR","potentialAction":[{"@type":"ReadAction","target":["https:\/\/anchorsforlife.org\/i-am-the-life\/"]}]},{"@type":"BreadcrumbList","@id":"https:\/\/anchorsforlife.org\/i-am-the-life\/#breadcrumb","itemListElement":[{"@type":"ListItem","position":1,"name":"Home","item":"https:\/\/anchorsforlife.org\/"},{"@type":"ListItem","position":2,"name":"I Am The Life"}]},{"@type":"WebSite","@id":"https:\/\/anchorsforlife.org\/#website","url":"https:\/\/anchorsforlife.org\/","name":"Des ancres pour la vie","description":"Enseignements bibliques verset par verset, m\u00e9ditations et ressources pour la vie chr\u00e9tienne","publisher":{"@id":"https:\/\/anchorsforlife.org\/#organization"},"potentialAction":[{"@type":"SearchAction","target":{"@type":"EntryPoint","urlTemplate":"https:\/\/anchorsforlife.org\/?s={search_term_string}"},"query-input":{"@type":"PropertyValueSpecification","valueRequired":true,"valueName":"search_term_string"}}],"inLanguage":"fr-FR"},{"@type":"Organization","@id":"https:\/\/anchorsforlife.org\/#organization","name":"Des ancres pour la vie","url":"https:\/\/anchorsforlife.org\/","logo":{"@type":"ImageObject","inLanguage":"fr-FR","@id":"https:\/\/anchorsforlife.org\/#\/schema\/logo\/image\/","url":"https:\/\/i0.wp.com\/anchorsforlife.org\/wp-content\/uploads\/2022\/06\/LOGO-png-3500.png?fit=2750%2C2750&ssl=1","contentUrl":"https:\/\/i0.wp.com\/anchorsforlife.org\/wp-content\/uploads\/2022\/06\/LOGO-png-3500.png?fit=2750%2C2750&ssl=1","width":2750,"height":2750,"caption":"Anchors For Life"},"image":{"@id":"https:\/\/anchorsforlife.org\/#\/schema\/logo\/image\/"},"sameAs":["https:\/\/www.facebook.com\/anchorsforlife","https:\/\/www.youtube.com\/channel\/UCOS7aqmb67cD9TMNy187GRQ"]},{"@type":"Person","@id":"https:\/\/anchorsforlife.org\/#\/schema\/person\/0683e316720176621d45839989b97fe2","name":"Des ancres pour la vie","image":{"@type":"ImageObject","inLanguage":"fr-FR","@id":"https:\/\/secure.gravatar.com\/avatar\/1c63e698e66d39fa8d618ff8729397a2a666717202b9452fa5d16254d6ed5e22?s=96&d=mm&r=g","url":"https:\/\/secure.gravatar.com\/avatar\/1c63e698e66d39fa8d618ff8729397a2a666717202b9452fa5d16254d6ed5e22?s=96&d=mm&r=g","contentUrl":"https:\/\/secure.gravatar.com\/avatar\/1c63e698e66d39fa8d618ff8729397a2a666717202b9452fa5d16254d6ed5e22?s=96&d=mm&r=g","caption":"Anchors For Life"},"url":"https:\/\/anchorsforlife.org\/fr\/author\/philberthadley\/"}]}},"jetpack_publicize_connections":[],"jetpack_sharing_enabled":true,"jetpack_featured_media_url":"","_links":{"self":[{"href":"https:\/\/anchorsforlife.org\/fr\/wp-json\/wp\/v2\/posts\/2551","targetHints":{"allow":["GET"]}}],"collection":[{"href":"https:\/\/anchorsforlife.org\/fr\/wp-json\/wp\/v2\/posts"}],"about":[{"href":"https:\/\/anchorsforlife.org\/fr\/wp-json\/wp\/v2\/types\/post"}],"author":[{"embeddable":true,"href":"https:\/\/anchorsforlife.org\/fr\/wp-json\/wp\/v2\/users\/1"}],"replies":[{"embeddable":true,"href":"https:\/\/anchorsforlife.org\/fr\/wp-json\/wp\/v2\/comments?post=2551"}],"version-history":[{"count":5,"href":"https:\/\/anchorsforlife.org\/fr\/wp-json\/wp\/v2\/posts\/2551\/revisions"}],"predecessor-version":[{"id":2556,"href":"https:\/\/anchorsforlife.org\/fr\/wp-json\/wp\/v2\/posts\/2551\/revisions\/2556"}],"wp:attachment":[{"href":"https:\/\/anchorsforlife.org\/fr\/wp-json\/wp\/v2\/media?parent=2551"}],"wp:term":[{"taxonomy":"category","embeddable":true,"href":"https:\/\/anchorsforlife.org\/fr\/wp-json\/wp\/v2\/categories?post=2551"},{"taxonomy":"post_tag","embeddable":true,"href":"https:\/\/anchorsforlife.org\/fr\/wp-json\/wp\/v2\/tags?post=2551"}],"curies":[{"name":"wp","href":"https:\/\/api.w.org\/{rel}","templated":true}]}}