{"id":3463,"date":"2026-04-13T05:29:00","date_gmt":"2026-04-13T09:29:00","guid":{"rendered":"https:\/\/anchorsforlife.org\/?p=3463"},"modified":"2026-04-12T23:38:26","modified_gmt":"2026-04-13T03:38:26","slug":"it-is-i-do-not-be-afraid","status":"publish","type":"post","link":"https:\/\/anchorsforlife.org\/es\/it-is-i-do-not-be-afraid\/","title":{"rendered":"Soy yo. No tengas miedo."},"content":{"rendered":"<div data-elementor-type=\"wp-post\" data-elementor-id=\"3463\" class=\"elementor elementor-3463\" data-elementor-post-type=\"post\">\n\t\t\t\t\t\t<section class=\"elementor-section elementor-top-section elementor-element elementor-element-24e7cc5 elementor-section-boxed elementor-section-height-default elementor-section-height-default\" data-id=\"24e7cc5\" data-element_type=\"section\" data-e-type=\"section\">\n\t\t\t\t\t\t<div class=\"elementor-container elementor-column-gap-default\">\n\t\t\t\t\t<div class=\"elementor-column elementor-col-100 elementor-top-column elementor-element elementor-element-f0d068b\" data-id=\"f0d068b\" data-element_type=\"column\" data-e-type=\"column\">\n\t\t\t<div class=\"elementor-widget-wrap elementor-element-populated\">\n\t\t\t\t\t\t<div class=\"elementor-element elementor-element-0087964 elementor-widget elementor-widget-heading\" data-id=\"0087964\" data-element_type=\"widget\" data-e-type=\"widget\" data-widget_type=\"heading.default\">\n\t\t\t\t<div class=\"elementor-widget-container\">\n\t\t\t\t\t<h2 class=\"elementor-heading-title elementor-size-default\">Soy yo. No tengas miedo.<\/h2>\t\t\t\t<\/div>\n\t\t\t\t<\/div>\n\t\t\t\t<div class=\"elementor-element elementor-element-1cdc413 elementor-widget elementor-widget-text-editor\" data-id=\"1cdc413\" data-element_type=\"widget\" data-e-type=\"widget\" data-widget_type=\"text-editor.default\">\n\t\t\t\t<div class=\"elementor-widget-container\">\n\t\t\t\t\t\t\t\t\t<p style=\"text-align: center;\" data-start=\"129\" data-end=\"196\"><em>\u201cPero \u00e9l les dijo: \u2018Soy yo; no tengan miedo\u2019\u201d.\u201d<\/em><br \/><em><strong data-start=\"129\" data-end=\"196\">Juan 6:20<\/strong><\/em><\/p><p data-start=\"198\" data-end=\"499\">Resulta interesante que el relato de Jes\u00fas calmando la tormenta aparezca entre la alimentaci\u00f3n de los cinco mil con cinco panes de cebada y dos peces, y la declaraci\u00f3n del Se\u00f1or: \u201cYo soy el pan de vida\u201d. Esto es realmente significativo, ya que constituye la base de las siete afirmaciones \u201cYo soy\u201d.<\/p><p data-start=\"501\" data-end=\"1002\">De <span class=\"hover:entity-accent entity-underline inline cursor-pointer align-baseline\"><span class=\"whitespace-normal\">Evangelio de Mateo<\/span><\/span>\u2019Seg\u00fan el relato de Jes\u00fas, el Se\u00f1or oblig\u00f3 \u2014o inst\u00f3 encarecidamente\u2014 a sus disc\u00edpulos a subir a la barca y cruzar delante de \u00e9l al otro lado (Mateo 14:22). Cuando se desat\u00f3 la tormenta, que azot\u00f3 la barca con viento y olas, fue entonces cuando el Se\u00f1or apareci\u00f3. Mientras ellos estaban en medio de la tormenta, el Se\u00f1or Jes\u00fas hab\u00eda estado en la monta\u00f1a orando. Esto nos muestra a Jes\u00fas como nuestro gran Sumo Sacerdote, que vive para siempre para interceder por nosotros.<\/p><p data-start=\"1004\" data-end=\"1274\">Fue en ese momento, en medio de la tormenta, que el Se\u00f1or se revel\u00f3. Se les apareci\u00f3 durante su momento m\u00e1s oscuro y les dijo: \u201cSoy yo; no tengan miedo\u201d. Esta es una declaraci\u00f3n poderosa. La frase \u201cSoy yo\u201d, en griego <em data-start=\"1236\" data-end=\"1246\">ego eimi<\/em>, se puede traducir como \u201cYo soy\u201d.\u201d<\/p><p data-start=\"1276\" data-end=\"1536\">El Gran YO SOY se les apareci\u00f3 en medio de la tormenta que atravesaban, y cuando lo recibieron voluntariamente en su barca, la tormenta ces\u00f3. El Se\u00f1or no quer\u00eda que ignoraran qui\u00e9n era \u00c9l, ni que vivieran con miedo.<\/p><p data-start=\"1538\" data-end=\"2128\">En <span class=\"hover:entity-accent entity-underline inline cursor-pointer align-baseline\"><span class=\"whitespace-normal\">Evangelio de Juan<\/span><\/span> 18:6, cuando los soldados vinieron a arrestar al Se\u00f1or Jes\u00fas y \u00c9l pregunt\u00f3: \u201c\u00bfA qui\u00e9n busc\u00e1is?\u201d, ellos respondieron: \u201cA Jes\u00fas de Nazaret\u201d, y \u00c9l declar\u00f3: \u201cYo soy\u201d. Esta declaraci\u00f3n hizo que aquellos que no cre\u00edan en \u00c9l retrocedieran y cayeran al suelo. Sin embargo, en <span class=\"hover:entity-accent entity-underline inline cursor-pointer align-baseline\"><span class=\"whitespace-normal\">Evangelio de Lucas<\/span><\/span> 24:39, estas mismas palabras \u2014\u201cYo mismo soy\u201d\u2014 disiparon el temor de los corazones atribulados de sus seguidores. Lo mismo sucedi\u00f3 con el anciano ap\u00f3stol. <span class=\"hover:entity-accent entity-underline inline cursor-pointer align-baseline\"><span class=\"whitespace-normal\">Juan el Ap\u00f3stol<\/span><\/span>, quien fue revivido por la declaraci\u00f3n: \u201cYo soy el Primero y el \u00daltimo\u201d (Apocalipsis 1:17).<\/p><p data-start=\"2130\" data-end=\"2350\" data-is-last-node=\"\" data-is-only-node=\"\"><strong>Lo m\u00e1s destacado de hoy:<\/strong><br \/>Cuando atravieses las tormentas de esta vida y el miedo comience a apoderarse de ti, recuerda que es entonces cuando el Se\u00f1or Jes\u00fas, el gran YO SOY, se revela de una manera poderosa y dice: \u201cTened buen \u00e1nimo; no teng\u00e1is miedo\u201d.\u201d<\/p>\t\t\t\t\t\t\t\t<\/div>\n\t\t\t\t<\/div>\n\t\t\t\t\t<\/div>\n\t\t<\/div>\n\t\t\t\t\t<\/div>\n\t\t<\/section>\n\t\t\t\t<\/div>","protected":false},"excerpt":{"rendered":"<p>It Is I. Do Not Be Afraid. \u201cBut He said to them, \u2018It is I; do not be afraid.\u2019\u201dJohn 6:20 It is interesting that the account of Jesus calming the storm appears between the feeding of the five thousand with five small barley loaves and two fish, and the Lord\u2019s declaration, \u201cI am the Bread [&hellip;]<\/p>\n","protected":false},"author":1,"featured_media":0,"comment_status":"open","ping_status":"open","sticky":false,"template":"elementor_canvas","format":"standard","meta":{"nf_dc_page":"","_jetpack_newsletter_access":"","_jetpack_dont_email_post_to_subs":false,"_jetpack_newsletter_tier_id":0,"_jetpack_memberships_contains_paywalled_content":false,"_jetpack_feature_clip_id":0,"_jetpack_memberships_contains_paid_content":false,"footnotes":"","jetpack_publicize_message":"","jetpack_publicize_feature_enabled":true,"jetpack_social_post_already_shared":true,"jetpack_social_options":{"image_generator_settings":{"template":"highway","default_image_id":0,"font":"","enabled":false},"version":2},"jetpack_post_was_ever_published":false},"categories":[44],"tags":[],"class_list":["post-3463","post","type-post","status-publish","format-standard","hentry","category-devotional"],"yoast_head":"<!-- This site is optimized with the Yoast SEO plugin v28.4 - https:\/\/yoast.com\/product\/yoast-seo-wordpress\/ -->\n<title>It Is I. Do Not Be Afraid. | Anchors For Life<\/title>\n<meta name=\"robots\" content=\"index, follow, max-snippet:-1, max-image-preview:large, max-video-preview:-1\" \/>\n<link rel=\"canonical\" href=\"https:\/\/anchorsforlife.org\/es\/it-is-i-do-not-be-afraid\/\" \/>\n<meta property=\"og:locale\" content=\"es_ES\" \/>\n<meta property=\"og:type\" content=\"article\" \/>\n<meta property=\"og:title\" content=\"It Is I. Do Not Be Afraid. | Anchors For Life\" \/>\n<meta property=\"og:description\" content=\"It Is I. Do Not Be Afraid. \u201cBut He said to them, \u2018It is I; do not be afraid.\u2019\u201dJohn 6:20 It is interesting that the account of Jesus calming the storm appears between the feeding of the five thousand with five small barley loaves and two fish, and the Lord\u2019s declaration, \u201cI am the Bread [&hellip;]\" \/>\n<meta property=\"og:url\" content=\"https:\/\/anchorsforlife.org\/es\/it-is-i-do-not-be-afraid\/\" \/>\n<meta property=\"og:site_name\" content=\"Anchors For Life\" \/>\n<meta property=\"article:publisher\" content=\"https:\/\/www.facebook.com\/anchorsforlife\" \/>\n<meta property=\"article:published_time\" content=\"2026-04-13T09:29:00+00:00\" \/>\n<meta property=\"og:image\" content=\"https:\/\/i0.wp.com\/anchorsforlife.org\/wp-content\/uploads\/2025\/09\/Youtube-End-Slide-e1769744409320.png?fit=1154%2C597&ssl=1\" \/>\n\t<meta property=\"og:image:width\" content=\"1154\" \/>\n\t<meta property=\"og:image:height\" content=\"597\" \/>\n\t<meta property=\"og:image:type\" content=\"image\/png\" \/>\n<meta name=\"author\" content=\"Anchors For Life\" \/>\n<meta name=\"twitter:card\" content=\"summary_large_image\" \/>\n<meta name=\"twitter:label1\" content=\"Escrito por\" \/>\n\t<meta name=\"twitter:data1\" content=\"Anchors For Life\" \/>\n\t<meta name=\"twitter:label2\" content=\"Tiempo de lectura\" \/>\n\t<meta name=\"twitter:data2\" content=\"2 minutos\" \/>\n<script type=\"application\/ld+json\" class=\"yoast-schema-graph\">{\"@context\":\"https:\\\/\\\/schema.org\",\"@graph\":[{\"@type\":\"Article\",\"@id\":\"https:\\\/\\\/anchorsforlife.org\\\/it-is-i-do-not-be-afraid\\\/#article\",\"isPartOf\":{\"@id\":\"https:\\\/\\\/anchorsforlife.org\\\/it-is-i-do-not-be-afraid\\\/\"},\"author\":{\"name\":\"Anchors For Life\",\"@id\":\"https:\\\/\\\/anchorsforlife.org\\\/#\\\/schema\\\/person\\\/0683e316720176621d45839989b97fe2\"},\"headline\":\"It Is I. Do Not Be Afraid.\",\"datePublished\":\"2026-04-13T09:29:00+00:00\",\"mainEntityOfPage\":{\"@id\":\"https:\\\/\\\/anchorsforlife.org\\\/it-is-i-do-not-be-afraid\\\/\"},\"wordCount\":419,\"commentCount\":0,\"publisher\":{\"@id\":\"https:\\\/\\\/anchorsforlife.org\\\/#organization\"},\"articleSection\":[\"Devotional\"],\"inLanguage\":\"es\",\"potentialAction\":[{\"@type\":\"CommentAction\",\"name\":\"Comment\",\"target\":[\"https:\\\/\\\/anchorsforlife.org\\\/it-is-i-do-not-be-afraid\\\/#respond\"]}]},{\"@type\":\"WebPage\",\"@id\":\"https:\\\/\\\/anchorsforlife.org\\\/it-is-i-do-not-be-afraid\\\/\",\"url\":\"https:\\\/\\\/anchorsforlife.org\\\/it-is-i-do-not-be-afraid\\\/\",\"name\":\"It Is I. Do Not Be Afraid. | Anchors For Life\",\"isPartOf\":{\"@id\":\"https:\\\/\\\/anchorsforlife.org\\\/#website\"},\"datePublished\":\"2026-04-13T09:29:00+00:00\",\"breadcrumb\":{\"@id\":\"https:\\\/\\\/anchorsforlife.org\\\/it-is-i-do-not-be-afraid\\\/#breadcrumb\"},\"inLanguage\":\"es\",\"potentialAction\":[{\"@type\":\"ReadAction\",\"target\":[\"https:\\\/\\\/anchorsforlife.org\\\/it-is-i-do-not-be-afraid\\\/\"]}]},{\"@type\":\"BreadcrumbList\",\"@id\":\"https:\\\/\\\/anchorsforlife.org\\\/it-is-i-do-not-be-afraid\\\/#breadcrumb\",\"itemListElement\":[{\"@type\":\"ListItem\",\"position\":1,\"name\":\"Home\",\"item\":\"https:\\\/\\\/anchorsforlife.org\\\/\"},{\"@type\":\"ListItem\",\"position\":2,\"name\":\"It Is I. Do Not Be Afraid.\"}]},{\"@type\":\"WebSite\",\"@id\":\"https:\\\/\\\/anchorsforlife.org\\\/#website\",\"url\":\"https:\\\/\\\/anchorsforlife.org\\\/\",\"name\":\"Anchors For Life\",\"description\":\"Verse-by-verse Bible teaching, devotionals, and Christian living resources\",\"publisher\":{\"@id\":\"https:\\\/\\\/anchorsforlife.org\\\/#organization\"},\"potentialAction\":[{\"@type\":\"SearchAction\",\"target\":{\"@type\":\"EntryPoint\",\"urlTemplate\":\"https:\\\/\\\/anchorsforlife.org\\\/?s={search_term_string}\"},\"query-input\":{\"@type\":\"PropertyValueSpecification\",\"valueRequired\":true,\"valueName\":\"search_term_string\"}}],\"inLanguage\":\"es\"},{\"@type\":\"Organization\",\"@id\":\"https:\\\/\\\/anchorsforlife.org\\\/#organization\",\"name\":\"Anchors For Life\",\"url\":\"https:\\\/\\\/anchorsforlife.org\\\/\",\"logo\":{\"@type\":\"ImageObject\",\"inLanguage\":\"es\",\"@id\":\"https:\\\/\\\/anchorsforlife.org\\\/#\\\/schema\\\/logo\\\/image\\\/\",\"url\":\"https:\\\/\\\/i0.wp.com\\\/anchorsforlife.org\\\/wp-content\\\/uploads\\\/2022\\\/06\\\/LOGO-png-3500.png?fit=2750%2C2750&ssl=1\",\"contentUrl\":\"https:\\\/\\\/i0.wp.com\\\/anchorsforlife.org\\\/wp-content\\\/uploads\\\/2022\\\/06\\\/LOGO-png-3500.png?fit=2750%2C2750&ssl=1\",\"width\":2750,\"height\":2750,\"caption\":\"Anchors For Life\"},\"image\":{\"@id\":\"https:\\\/\\\/anchorsforlife.org\\\/#\\\/schema\\\/logo\\\/image\\\/\"},\"sameAs\":[\"https:\\\/\\\/www.facebook.com\\\/anchorsforlife\",\"https:\\\/\\\/www.youtube.com\\\/channel\\\/UCOS7aqmb67cD9TMNy187GRQ\"]},{\"@type\":\"Person\",\"@id\":\"https:\\\/\\\/anchorsforlife.org\\\/#\\\/schema\\\/person\\\/0683e316720176621d45839989b97fe2\",\"name\":\"Anchors For Life\",\"image\":{\"@type\":\"ImageObject\",\"inLanguage\":\"es\",\"@id\":\"https:\\\/\\\/secure.gravatar.com\\\/avatar\\\/1c63e698e66d39fa8d618ff8729397a2a666717202b9452fa5d16254d6ed5e22?s=96&d=mm&r=g\",\"url\":\"https:\\\/\\\/secure.gravatar.com\\\/avatar\\\/1c63e698e66d39fa8d618ff8729397a2a666717202b9452fa5d16254d6ed5e22?s=96&d=mm&r=g\",\"contentUrl\":\"https:\\\/\\\/secure.gravatar.com\\\/avatar\\\/1c63e698e66d39fa8d618ff8729397a2a666717202b9452fa5d16254d6ed5e22?s=96&d=mm&r=g\",\"caption\":\"Anchors For Life\"},\"url\":\"https:\\\/\\\/anchorsforlife.org\\\/es\\\/author\\\/philberthadley\\\/\"}]}<\/script>\n<!-- \/ Yoast SEO plugin. -->","yoast_head_json":{"title":"It Is I. Do Not Be Afraid. | Anchors For Life","robots":{"index":"index","follow":"follow","max-snippet":"max-snippet:-1","max-image-preview":"max-image-preview:large","max-video-preview":"max-video-preview:-1"},"canonical":"https:\/\/anchorsforlife.org\/es\/it-is-i-do-not-be-afraid\/","og_locale":"es_ES","og_type":"article","og_title":"It Is I. Do Not Be Afraid. | Anchors For Life","og_description":"It Is I. Do Not Be Afraid. \u201cBut He said to them, \u2018It is I; do not be afraid.\u2019\u201dJohn 6:20 It is interesting that the account of Jesus calming the storm appears between the feeding of the five thousand with five small barley loaves and two fish, and the Lord\u2019s declaration, \u201cI am the Bread [&hellip;]","og_url":"https:\/\/anchorsforlife.org\/es\/it-is-i-do-not-be-afraid\/","og_site_name":"Anchors For Life","article_publisher":"https:\/\/www.facebook.com\/anchorsforlife","article_published_time":"2026-04-13T09:29:00+00:00","og_image":[{"width":1154,"height":597,"url":"https:\/\/i0.wp.com\/anchorsforlife.org\/wp-content\/uploads\/2025\/09\/Youtube-End-Slide-e1769744409320.png?fit=1154%2C597&ssl=1","type":"image\/png"}],"author":"Anchors For Life","twitter_card":"summary_large_image","twitter_misc":{"Escrito por":"Anchors For Life","Tiempo de lectura":"2 minutos"},"schema":{"@context":"https:\/\/schema.org","@graph":[{"@type":"Article","@id":"https:\/\/anchorsforlife.org\/it-is-i-do-not-be-afraid\/#article","isPartOf":{"@id":"https:\/\/anchorsforlife.org\/it-is-i-do-not-be-afraid\/"},"author":{"name":"Anchors For Life","@id":"https:\/\/anchorsforlife.org\/#\/schema\/person\/0683e316720176621d45839989b97fe2"},"headline":"It Is I. Do Not Be Afraid.","datePublished":"2026-04-13T09:29:00+00:00","mainEntityOfPage":{"@id":"https:\/\/anchorsforlife.org\/it-is-i-do-not-be-afraid\/"},"wordCount":419,"commentCount":0,"publisher":{"@id":"https:\/\/anchorsforlife.org\/#organization"},"articleSection":["Devotional"],"inLanguage":"es","potentialAction":[{"@type":"CommentAction","name":"Comment","target":["https:\/\/anchorsforlife.org\/it-is-i-do-not-be-afraid\/#respond"]}]},{"@type":"WebPage","@id":"https:\/\/anchorsforlife.org\/it-is-i-do-not-be-afraid\/","url":"https:\/\/anchorsforlife.org\/it-is-i-do-not-be-afraid\/","name":"It Is I. Do Not Be Afraid. | Anchors For Life","isPartOf":{"@id":"https:\/\/anchorsforlife.org\/#website"},"datePublished":"2026-04-13T09:29:00+00:00","breadcrumb":{"@id":"https:\/\/anchorsforlife.org\/it-is-i-do-not-be-afraid\/#breadcrumb"},"inLanguage":"es","potentialAction":[{"@type":"ReadAction","target":["https:\/\/anchorsforlife.org\/it-is-i-do-not-be-afraid\/"]}]},{"@type":"BreadcrumbList","@id":"https:\/\/anchorsforlife.org\/it-is-i-do-not-be-afraid\/#breadcrumb","itemListElement":[{"@type":"ListItem","position":1,"name":"Home","item":"https:\/\/anchorsforlife.org\/"},{"@type":"ListItem","position":2,"name":"It Is I. Do Not Be Afraid."}]},{"@type":"WebSite","@id":"https:\/\/anchorsforlife.org\/#website","url":"https:\/\/anchorsforlife.org\/","name":"Anclajes para la vida","description":"Ense\u00f1anza b\u00edblica vers\u00edculo por vers\u00edculo, devocionales y recursos para la vida cristiana.","publisher":{"@id":"https:\/\/anchorsforlife.org\/#organization"},"potentialAction":[{"@type":"SearchAction","target":{"@type":"EntryPoint","urlTemplate":"https:\/\/anchorsforlife.org\/?s={search_term_string}"},"query-input":{"@type":"PropertyValueSpecification","valueRequired":true,"valueName":"search_term_string"}}],"inLanguage":"es"},{"@type":"Organization","@id":"https:\/\/anchorsforlife.org\/#organization","name":"Anclajes para la vida","url":"https:\/\/anchorsforlife.org\/","logo":{"@type":"ImageObject","inLanguage":"es","@id":"https:\/\/anchorsforlife.org\/#\/schema\/logo\/image\/","url":"https:\/\/i0.wp.com\/anchorsforlife.org\/wp-content\/uploads\/2022\/06\/LOGO-png-3500.png?fit=2750%2C2750&ssl=1","contentUrl":"https:\/\/i0.wp.com\/anchorsforlife.org\/wp-content\/uploads\/2022\/06\/LOGO-png-3500.png?fit=2750%2C2750&ssl=1","width":2750,"height":2750,"caption":"Anchors For Life"},"image":{"@id":"https:\/\/anchorsforlife.org\/#\/schema\/logo\/image\/"},"sameAs":["https:\/\/www.facebook.com\/anchorsforlife","https:\/\/www.youtube.com\/channel\/UCOS7aqmb67cD9TMNy187GRQ"]},{"@type":"Person","@id":"https:\/\/anchorsforlife.org\/#\/schema\/person\/0683e316720176621d45839989b97fe2","name":"Anclajes para la vida","image":{"@type":"ImageObject","inLanguage":"es","@id":"https:\/\/secure.gravatar.com\/avatar\/1c63e698e66d39fa8d618ff8729397a2a666717202b9452fa5d16254d6ed5e22?s=96&d=mm&r=g","url":"https:\/\/secure.gravatar.com\/avatar\/1c63e698e66d39fa8d618ff8729397a2a666717202b9452fa5d16254d6ed5e22?s=96&d=mm&r=g","contentUrl":"https:\/\/secure.gravatar.com\/avatar\/1c63e698e66d39fa8d618ff8729397a2a666717202b9452fa5d16254d6ed5e22?s=96&d=mm&r=g","caption":"Anchors For Life"},"url":"https:\/\/anchorsforlife.org\/es\/author\/philberthadley\/"}]}},"jetpack_publicize_connections":[],"jetpack_sharing_enabled":true,"jetpack_featured_media_url":"","_links":{"self":[{"href":"https:\/\/anchorsforlife.org\/es\/wp-json\/wp\/v2\/posts\/3463","targetHints":{"allow":["GET"]}}],"collection":[{"href":"https:\/\/anchorsforlife.org\/es\/wp-json\/wp\/v2\/posts"}],"about":[{"href":"https:\/\/anchorsforlife.org\/es\/wp-json\/wp\/v2\/types\/post"}],"author":[{"embeddable":true,"href":"https:\/\/anchorsforlife.org\/es\/wp-json\/wp\/v2\/users\/1"}],"replies":[{"embeddable":true,"href":"https:\/\/anchorsforlife.org\/es\/wp-json\/wp\/v2\/comments?post=3463"}],"version-history":[{"count":4,"href":"https:\/\/anchorsforlife.org\/es\/wp-json\/wp\/v2\/posts\/3463\/revisions"}],"predecessor-version":[{"id":3467,"href":"https:\/\/anchorsforlife.org\/es\/wp-json\/wp\/v2\/posts\/3463\/revisions\/3467"}],"wp:attachment":[{"href":"https:\/\/anchorsforlife.org\/es\/wp-json\/wp\/v2\/media?parent=3463"}],"wp:term":[{"taxonomy":"category","embeddable":true,"href":"https:\/\/anchorsforlife.org\/es\/wp-json\/wp\/v2\/categories?post=3463"},{"taxonomy":"post_tag","embeddable":true,"href":"https:\/\/anchorsforlife.org\/es\/wp-json\/wp\/v2\/tags?post=3463"}],"curies":[{"name":"wp","href":"https:\/\/api.w.org\/{rel}","templated":true}]}}