{"id":2445,"date":"2025-12-31T15:27:33","date_gmt":"2025-12-31T15:27:33","guid":{"rendered":"https:\/\/anchorsforlife.org\/?p=2445"},"modified":"2025-12-31T15:32:56","modified_gmt":"2025-12-31T15:32:56","slug":"you-crown-the-year-with-your-goodness","status":"publish","type":"post","link":"https:\/\/anchorsforlife.org\/de\/you-crown-the-year-with-your-goodness\/","title":{"rendered":"Du kr\u00f6nst das Jahr mit deiner G\u00fcte."},"content":{"rendered":"<div data-elementor-type=\"wp-post\" data-elementor-id=\"2445\" class=\"elementor elementor-2445\" data-elementor-post-type=\"post\">\n\t\t\t\t\t\t<section class=\"elementor-section elementor-top-section elementor-element elementor-element-6257263 elementor-section-boxed elementor-section-height-default elementor-section-height-default\" data-id=\"6257263\" data-element_type=\"section\" data-e-type=\"section\">\n\t\t\t\t\t\t<div class=\"elementor-container elementor-column-gap-default\">\n\t\t\t\t\t<div class=\"elementor-column elementor-col-100 elementor-top-column elementor-element elementor-element-b088c61\" data-id=\"b088c61\" data-element_type=\"column\" data-e-type=\"column\">\n\t\t\t<div class=\"elementor-widget-wrap elementor-element-populated\">\n\t\t\t\t\t\t<div class=\"elementor-element elementor-element-776376a elementor-widget elementor-widget-heading\" data-id=\"776376a\" data-element_type=\"widget\" data-e-type=\"widget\" data-widget_type=\"heading.default\">\n\t\t\t\t<div class=\"elementor-widget-container\">\n\t\t\t\t\t<h2 class=\"elementor-heading-title elementor-size-default\">Du kr\u00f6nst das Jahr mit deiner G\u00fcte.<\/h2>\t\t\t\t<\/div>\n\t\t\t\t<\/div>\n\t\t\t\t<div class=\"elementor-element elementor-element-685810f elementor-widget elementor-widget-text-editor\" data-id=\"685810f\" data-element_type=\"widget\" data-e-type=\"widget\" data-widget_type=\"text-editor.default\">\n\t\t\t\t<div class=\"elementor-widget-container\">\n\t\t\t\t\t\t\t\t\t<p style=\"text-align: center;\"><em>\u201cDu kr\u00f6nst das Jahr mit Deiner G\u00fcte, und Deine Wege triefen von F\u00fclle.\u201d<\/em><br \/><em><strong>Psalm 65:11<\/strong><\/em><\/p><p>Wie sch\u00f6n das ist. Diese Idee von <em data-start=\"343\" data-end=\"362\">das Jahr kr\u00f6nen<\/em>\u2014das Jahr mit Gottes G\u00fcte zu umgeben \u2014 und dass sein Weg von F\u00fclle durchdrungen ist, ist so kraftvoll.<\/p><p>Ein Freund von mir schrieb einmal einen Andachtskalender mit dem Titel \u201cWagenspuren\u201d, angelehnt an diesen Vers. Er reflektierte \u00fcber die Aussage: <em data-start=\"597\" data-end=\"632\">\u201cDeine Wege triefen vor F\u00fclle.\u201d<\/em> Er stellte sich die Spuren eines mit Fr\u00fcchten \u00fcberladenen Wagens vor \u2013 die Fr\u00fcchte quollen \u00fcber, der Saft floss in die R\u00e4der \u2013 und w\u00e4hrend der Wagen vorw\u00e4rtsfuhr, hinterlie\u00df er Spuren des \u00dcberflusses. Das ist die Grundidee.<\/p><p>Und tats\u00e4chlich m\u00fcssen wir beim Blick zur\u00fcck auf das Jahr 2025 sagen:, <em data-start=\"921\" data-end=\"993\">\u201cG\u00fcte und Barmherzigkeit haben mich alle Tage meines Lebens begleitet.\u201d <\/em>Im R\u00fcckblick k\u00f6nnen wir sagen:, <em data-start=\"1022\" data-end=\"1058\">\u201cBis hierher hat uns der Herr geholfen.\u201d <\/em>Wenn ich dar\u00fcber nachdenke, muss ich sagen:, <em data-start=\"1090\" data-end=\"1141\">\u201cDer Herr war bei jedem Schritt unseres Weges an unserer Seite.\u201d<\/em><\/p><p>Genau das sagt der Psalmist hier: <em data-start=\"1186\" data-end=\"1236\">\u201cHerr, du hast uns umgeben. Du hast uns gekr\u00f6nt.\u201d<\/em><\/p><p>Und nicht nur das, sondern dieser Abschnitt wird mit einem wundersch\u00f6nen Bild fortgesetzt:<\/p><blockquote data-start=\"1311\" data-end=\"1536\"><em data-start=\"1313\" data-end=\"1536\">\u201cSie lassen sich auf den Weiden der Wildnis nieder,<br data-start=\"1359\" data-end=\"1362\" \/>Und die kleinen H\u00fcgel jubeln ringsum.<br data-start=\"1407\" data-end=\"1410\" \/>Die Weiden sind mit Herden bedeckt;<br data-start=\"1449\" data-end=\"1452\" \/>Die T\u00e4ler sind ebenfalls mit Getreide bedeckt;<br data-start=\"1494\" data-end=\"1497\" \/>Sie jubeln vor Freude, sie singen auch.\u201d<\/em><\/blockquote><p>Er kleidet die H\u00fcgel, er bedeckt die Wiesen, er erf\u00fcllt die T\u00e4ler. Wie sch\u00f6n ist es, Gottes reichen Segen zu sehen!<\/p><p>Ja, zum Jahresende gab es vielleicht Verluste. Vielleicht gab es Trag\u00f6dien. Vielleicht sind Sie auf Ihrem Weg auf Schwierigkeiten gesto\u00dfen. Aber trotz alledem k\u00f6nnen Sie zur\u00fcckblicken und sagen: <em data-start=\"1877\" data-end=\"1907\">\u201cDer Herr war mit uns.\u201d<\/em><\/p><p>Wie der Liederdichter einst sagte:<\/p><blockquote data-start=\"1940\" data-end=\"2057\"><em data-start=\"1942\" data-end=\"2057\">\u201cIch habe viele Tr\u00e4nen und Kummer erlebt,<br data-start=\"1976\" data-end=\"1979\" \/>Ich habe Fragen f\u00fcr morgen.,<br data-start=\"2013\" data-end=\"2016\" \/>Aber trotz allem\u2026 trotz allem\u2026\u201d<\/em><\/blockquote><p>Und das ist die Wahrheit \u2013 wir k\u00f6nnen dem Morgen mutig entgegensehen, weil dieser Gott mit uns ist.<\/p><p>Ja, <em data-start=\"2136\" data-end=\"2175\">Er kr\u00f6nt das Jahr mit seiner G\u00fcte. <\/em>Er ist ein guter Gott. Er ist ein liebender Vater.<\/p><p>W\u00e4hrend Sie also \u00fcber die Segnungen des Herrn nachdenken und sich auf das Jahr 2026 vorbereiten, m\u00f6chte ich Sie zu Folgendem ermutigen: Lassen Sie das vergangene Jahr Revue passieren. Nehmen Sie sich Zeit, zur\u00fcckzublicken. Erinnern Sie sich an Gottes Treue und daran, wie er Sie versorgt und gef\u00fchrt hat. Reflektieren Sie.<span style=\"font-family: -apple-system, BlinkMacSystemFont, 'Segoe UI', Roboto, 'Helvetica Neue', Arial, 'Noto Sans', sans-serif, 'Apple Color Emoji', 'Segoe UI Emoji', 'Segoe UI Symbol', 'Noto Color Emoji';\"> auf Seine G\u00fcte <\/span><span style=\"font-family: -apple-system, BlinkMacSystemFont, 'Segoe UI', Roboto, 'Helvetica Neue', Arial, 'Noto Sans', sans-serif, 'Apple Color Emoji', 'Segoe UI Emoji', 'Segoe UI Symbol', 'Noto Color Emoji';\">Lass Dankbarkeit in deinem Herzen aufsteigen, wenn du \u00fcber all das nachdenkst, was Er getan hat \u2013 selbst in schweren Zeiten. <\/span>Neu ausrichten<span style=\"font-family: -apple-system, BlinkMacSystemFont, 'Segoe UI', Roboto, 'Helvetica Neue', Arial, 'Noto Sans', sans-serif, 'Apple Color Emoji', 'Segoe UI Emoji', 'Segoe UI Symbol', 'Noto Color Emoji';\"> f\u00fcr das, was vor uns liegt <\/span><span style=\"font-family: -apple-system, BlinkMacSystemFont, 'Segoe UI', Roboto, 'Helvetica Neue', Arial, 'Noto Sans', sans-serif, 'Apple Color Emoji', 'Segoe UI Emoji', 'Segoe UI Symbol', 'Noto Color Emoji';\">Richtet euer Herz wieder darauf, den Herrn, euren Gott, zu lieben. <\/span><span style=\"font-family: -apple-system, BlinkMacSystemFont, 'Segoe UI', Roboto, 'Helvetica Neue', Arial, 'Noto Sans', sans-serif, 'Apple Color Emoji', 'Segoe UI Emoji', 'Segoe UI Symbol', 'Noto Color Emoji';\">dein ganzes Herz<\/span><span style=\"font-family: -apple-system, BlinkMacSystemFont, 'Segoe UI', Roboto, 'Helvetica Neue', Arial, 'Noto Sans', sans-serif, 'Apple Color Emoji', 'Segoe UI Emoji', 'Segoe UI Symbol', 'Noto Color Emoji';\">, <\/span><span style=\"font-family: -apple-system, BlinkMacSystemFont, 'Segoe UI', Roboto, 'Helvetica Neue', Arial, 'Noto Sans', sans-serif, 'Apple Color Emoji', 'Segoe UI Emoji', 'Segoe UI Symbol', 'Noto Color Emoji';\">deine ganze Seele<\/span><span style=\"font-family: -apple-system, BlinkMacSystemFont, 'Segoe UI', Roboto, 'Helvetica Neue', Arial, 'Noto Sans', sans-serif, 'Apple Color Emoji', 'Segoe UI Emoji', 'Segoe UI Symbol', 'Noto Color Emoji';\">, Und <\/span><span style=\"font-family: -apple-system, BlinkMacSystemFont, 'Segoe UI', Roboto, 'Helvetica Neue', Arial, 'Noto Sans', sans-serif, 'Apple Color Emoji', 'Segoe UI Emoji', 'Segoe UI Symbol', 'Noto Color Emoji';\">all deine Kraft<\/span><span style=\"font-family: -apple-system, BlinkMacSystemFont, 'Segoe UI', Roboto, 'Helvetica Neue', Arial, 'Noto Sans', sans-serif, 'Apple Color Emoji', 'Segoe UI Emoji', 'Segoe UI Symbol', 'Noto Color Emoji';\">.<\/span><\/p><p><strong>Anker f\u00fcr heute:<\/strong><br \/>M\u00f6ge der Gott, der das Jahr 2025 mit seiner G\u00fcte gekr\u00f6nt hat, euch mit noch gr\u00f6\u00dferer Freude, Frieden und Zielstrebigkeit in das neue Jahr f\u00fchren.<\/p>\t\t\t\t\t\t\t\t<\/div>\n\t\t\t\t<\/div>\n\t\t\t\t\t<\/div>\n\t\t<\/div>\n\t\t\t\t\t<\/div>\n\t\t<\/section>\n\t\t\t\t<\/div>","protected":false},"excerpt":{"rendered":"<p>You Crown The Year With Your Goodness \u201cYou crown the year with Your goodness, And Your paths drip with abundance.\u201d\u202d\u202dPsalms\u202c \u202d65\u202c:\u202d11\u202c How beautiful that is. This idea of crowning the year\u2014surrounding the year with God\u2019s goodness\u2014and that His path drips with abundance is so powerful. A friend of mine once wrote a calendar devotional and [&hellip;]<\/p>\n","protected":false},"author":1,"featured_media":0,"comment_status":"open","ping_status":"open","sticky":false,"template":"elementor_canvas","format":"standard","meta":{"nf_dc_page":"","_jetpack_newsletter_access":"","_jetpack_dont_email_post_to_subs":false,"_jetpack_newsletter_tier_id":0,"_jetpack_memberships_contains_paywalled_content":false,"_jetpack_feature_clip_id":0,"_jetpack_memberships_contains_paid_content":false,"footnotes":"","jetpack_publicize_message":"","jetpack_publicize_feature_enabled":true,"jetpack_social_post_already_shared":true,"jetpack_social_options":{"image_generator_settings":{"template":"highway","default_image_id":0,"font":"","enabled":false},"version":2},"jetpack_post_was_ever_published":false},"categories":[44],"tags":[],"class_list":["post-2445","post","type-post","status-publish","format-standard","hentry","category-devotional"],"yoast_head":"<!-- This site is optimized with the Yoast SEO plugin v28.4 - https:\/\/yoast.com\/product\/yoast-seo-wordpress\/ -->\n<title>You Crown The Year With Your Goodness | Anchors For Life<\/title>\n<meta name=\"robots\" content=\"index, follow, max-snippet:-1, max-image-preview:large, max-video-preview:-1\" \/>\n<link rel=\"canonical\" href=\"https:\/\/anchorsforlife.org\/de\/you-crown-the-year-with-your-goodness\/\" \/>\n<meta property=\"og:locale\" content=\"de_DE\" \/>\n<meta property=\"og:type\" content=\"article\" \/>\n<meta property=\"og:title\" content=\"You Crown The Year With Your Goodness | Anchors For Life\" \/>\n<meta property=\"og:description\" content=\"You Crown The Year With Your Goodness \u201cYou crown the year with Your goodness, And Your paths drip with abundance.\u201d\u202d\u202dPsalms\u202c \u202d65\u202c:\u202d11\u202c How beautiful that is. This idea of crowning the year\u2014surrounding the year with God\u2019s goodness\u2014and that His path drips with abundance is so powerful. A friend of mine once wrote a calendar devotional and [&hellip;]\" \/>\n<meta property=\"og:url\" content=\"https:\/\/anchorsforlife.org\/de\/you-crown-the-year-with-your-goodness\/\" \/>\n<meta property=\"og:site_name\" content=\"Anchors For Life\" \/>\n<meta property=\"article:publisher\" content=\"https:\/\/www.facebook.com\/anchorsforlife\" \/>\n<meta property=\"article:published_time\" content=\"2025-12-31T15:27:33+00:00\" \/>\n<meta property=\"article:modified_time\" content=\"2025-12-31T15:32:56+00:00\" \/>\n<meta property=\"og:image\" content=\"https:\/\/i0.wp.com\/anchorsforlife.org\/wp-content\/uploads\/2025\/09\/Youtube-End-Slide-e1769744409320.png?fit=1154%2C597&ssl=1\" \/>\n\t<meta property=\"og:image:width\" content=\"1154\" \/>\n\t<meta property=\"og:image:height\" content=\"597\" \/>\n\t<meta property=\"og:image:type\" content=\"image\/png\" \/>\n<meta name=\"author\" content=\"Anchors For Life\" \/>\n<meta name=\"twitter:card\" content=\"summary_large_image\" \/>\n<meta name=\"twitter:label1\" content=\"Verfasst von\" \/>\n\t<meta name=\"twitter:data1\" content=\"Anchors For Life\" \/>\n\t<meta name=\"twitter:label2\" content=\"Gesch\u00e4tzte Lesezeit\" \/>\n\t<meta name=\"twitter:data2\" content=\"2\u00a0Minuten\" \/>\n<script type=\"application\/ld+json\" class=\"yoast-schema-graph\">{\"@context\":\"https:\\\/\\\/schema.org\",\"@graph\":[{\"@type\":\"Article\",\"@id\":\"https:\\\/\\\/anchorsforlife.org\\\/you-crown-the-year-with-your-goodness\\\/#article\",\"isPartOf\":{\"@id\":\"https:\\\/\\\/anchorsforlife.org\\\/you-crown-the-year-with-your-goodness\\\/\"},\"author\":{\"name\":\"Anchors For Life\",\"@id\":\"https:\\\/\\\/anchorsforlife.org\\\/#\\\/schema\\\/person\\\/0683e316720176621d45839989b97fe2\"},\"headline\":\"You Crown The Year With Your Goodness\",\"datePublished\":\"2025-12-31T15:27:33+00:00\",\"dateModified\":\"2025-12-31T15:32:56+00:00\",\"mainEntityOfPage\":{\"@id\":\"https:\\\/\\\/anchorsforlife.org\\\/you-crown-the-year-with-your-goodness\\\/\"},\"wordCount\":487,\"commentCount\":0,\"publisher\":{\"@id\":\"https:\\\/\\\/anchorsforlife.org\\\/#organization\"},\"articleSection\":[\"Devotional\"],\"inLanguage\":\"de\",\"potentialAction\":[{\"@type\":\"CommentAction\",\"name\":\"Comment\",\"target\":[\"https:\\\/\\\/anchorsforlife.org\\\/you-crown-the-year-with-your-goodness\\\/#respond\"]}]},{\"@type\":\"WebPage\",\"@id\":\"https:\\\/\\\/anchorsforlife.org\\\/you-crown-the-year-with-your-goodness\\\/\",\"url\":\"https:\\\/\\\/anchorsforlife.org\\\/you-crown-the-year-with-your-goodness\\\/\",\"name\":\"You Crown The Year With Your Goodness | Anchors For Life\",\"isPartOf\":{\"@id\":\"https:\\\/\\\/anchorsforlife.org\\\/#website\"},\"datePublished\":\"2025-12-31T15:27:33+00:00\",\"dateModified\":\"2025-12-31T15:32:56+00:00\",\"breadcrumb\":{\"@id\":\"https:\\\/\\\/anchorsforlife.org\\\/you-crown-the-year-with-your-goodness\\\/#breadcrumb\"},\"inLanguage\":\"de\",\"potentialAction\":[{\"@type\":\"ReadAction\",\"target\":[\"https:\\\/\\\/anchorsforlife.org\\\/you-crown-the-year-with-your-goodness\\\/\"]}]},{\"@type\":\"BreadcrumbList\",\"@id\":\"https:\\\/\\\/anchorsforlife.org\\\/you-crown-the-year-with-your-goodness\\\/#breadcrumb\",\"itemListElement\":[{\"@type\":\"ListItem\",\"position\":1,\"name\":\"Home\",\"item\":\"https:\\\/\\\/anchorsforlife.org\\\/\"},{\"@type\":\"ListItem\",\"position\":2,\"name\":\"You Crown The Year With Your Goodness\"}]},{\"@type\":\"WebSite\",\"@id\":\"https:\\\/\\\/anchorsforlife.org\\\/#website\",\"url\":\"https:\\\/\\\/anchorsforlife.org\\\/\",\"name\":\"Anchors For Life\",\"description\":\"Verse-by-verse Bible teaching, devotionals, and Christian living resources\",\"publisher\":{\"@id\":\"https:\\\/\\\/anchorsforlife.org\\\/#organization\"},\"potentialAction\":[{\"@type\":\"SearchAction\",\"target\":{\"@type\":\"EntryPoint\",\"urlTemplate\":\"https:\\\/\\\/anchorsforlife.org\\\/?s={search_term_string}\"},\"query-input\":{\"@type\":\"PropertyValueSpecification\",\"valueRequired\":true,\"valueName\":\"search_term_string\"}}],\"inLanguage\":\"de\"},{\"@type\":\"Organization\",\"@id\":\"https:\\\/\\\/anchorsforlife.org\\\/#organization\",\"name\":\"Anchors For Life\",\"url\":\"https:\\\/\\\/anchorsforlife.org\\\/\",\"logo\":{\"@type\":\"ImageObject\",\"inLanguage\":\"de\",\"@id\":\"https:\\\/\\\/anchorsforlife.org\\\/#\\\/schema\\\/logo\\\/image\\\/\",\"url\":\"https:\\\/\\\/i0.wp.com\\\/anchorsforlife.org\\\/wp-content\\\/uploads\\\/2022\\\/06\\\/LOGO-png-3500.png?fit=2750%2C2750&ssl=1\",\"contentUrl\":\"https:\\\/\\\/i0.wp.com\\\/anchorsforlife.org\\\/wp-content\\\/uploads\\\/2022\\\/06\\\/LOGO-png-3500.png?fit=2750%2C2750&ssl=1\",\"width\":2750,\"height\":2750,\"caption\":\"Anchors For Life\"},\"image\":{\"@id\":\"https:\\\/\\\/anchorsforlife.org\\\/#\\\/schema\\\/logo\\\/image\\\/\"},\"sameAs\":[\"https:\\\/\\\/www.facebook.com\\\/anchorsforlife\",\"https:\\\/\\\/www.youtube.com\\\/channel\\\/UCOS7aqmb67cD9TMNy187GRQ\"]},{\"@type\":\"Person\",\"@id\":\"https:\\\/\\\/anchorsforlife.org\\\/#\\\/schema\\\/person\\\/0683e316720176621d45839989b97fe2\",\"name\":\"Anchors For Life\",\"image\":{\"@type\":\"ImageObject\",\"inLanguage\":\"de\",\"@id\":\"https:\\\/\\\/secure.gravatar.com\\\/avatar\\\/1c63e698e66d39fa8d618ff8729397a2a666717202b9452fa5d16254d6ed5e22?s=96&d=mm&r=g\",\"url\":\"https:\\\/\\\/secure.gravatar.com\\\/avatar\\\/1c63e698e66d39fa8d618ff8729397a2a666717202b9452fa5d16254d6ed5e22?s=96&d=mm&r=g\",\"contentUrl\":\"https:\\\/\\\/secure.gravatar.com\\\/avatar\\\/1c63e698e66d39fa8d618ff8729397a2a666717202b9452fa5d16254d6ed5e22?s=96&d=mm&r=g\",\"caption\":\"Anchors For Life\"},\"url\":\"https:\\\/\\\/anchorsforlife.org\\\/de\\\/author\\\/philberthadley\\\/\"}]}<\/script>\n<!-- \/ Yoast SEO plugin. -->","yoast_head_json":{"title":"You Crown The Year With Your Goodness | Anchors For Life","robots":{"index":"index","follow":"follow","max-snippet":"max-snippet:-1","max-image-preview":"max-image-preview:large","max-video-preview":"max-video-preview:-1"},"canonical":"https:\/\/anchorsforlife.org\/de\/you-crown-the-year-with-your-goodness\/","og_locale":"de_DE","og_type":"article","og_title":"You Crown The Year With Your Goodness | Anchors For Life","og_description":"You Crown The Year With Your Goodness \u201cYou crown the year with Your goodness, And Your paths drip with abundance.\u201d\u202d\u202dPsalms\u202c \u202d65\u202c:\u202d11\u202c How beautiful that is. This idea of crowning the year\u2014surrounding the year with God\u2019s goodness\u2014and that His path drips with abundance is so powerful. A friend of mine once wrote a calendar devotional and [&hellip;]","og_url":"https:\/\/anchorsforlife.org\/de\/you-crown-the-year-with-your-goodness\/","og_site_name":"Anchors For Life","article_publisher":"https:\/\/www.facebook.com\/anchorsforlife","article_published_time":"2025-12-31T15:27:33+00:00","article_modified_time":"2025-12-31T15:32:56+00:00","og_image":[{"width":1154,"height":597,"url":"https:\/\/i0.wp.com\/anchorsforlife.org\/wp-content\/uploads\/2025\/09\/Youtube-End-Slide-e1769744409320.png?fit=1154%2C597&ssl=1","type":"image\/png"}],"author":"Anchors For Life","twitter_card":"summary_large_image","twitter_misc":{"Verfasst von":"Anchors For Life","Gesch\u00e4tzte Lesezeit":"2\u00a0Minuten"},"schema":{"@context":"https:\/\/schema.org","@graph":[{"@type":"Article","@id":"https:\/\/anchorsforlife.org\/you-crown-the-year-with-your-goodness\/#article","isPartOf":{"@id":"https:\/\/anchorsforlife.org\/you-crown-the-year-with-your-goodness\/"},"author":{"name":"Anchors For Life","@id":"https:\/\/anchorsforlife.org\/#\/schema\/person\/0683e316720176621d45839989b97fe2"},"headline":"You Crown The Year With Your Goodness","datePublished":"2025-12-31T15:27:33+00:00","dateModified":"2025-12-31T15:32:56+00:00","mainEntityOfPage":{"@id":"https:\/\/anchorsforlife.org\/you-crown-the-year-with-your-goodness\/"},"wordCount":487,"commentCount":0,"publisher":{"@id":"https:\/\/anchorsforlife.org\/#organization"},"articleSection":["Devotional"],"inLanguage":"de","potentialAction":[{"@type":"CommentAction","name":"Comment","target":["https:\/\/anchorsforlife.org\/you-crown-the-year-with-your-goodness\/#respond"]}]},{"@type":"WebPage","@id":"https:\/\/anchorsforlife.org\/you-crown-the-year-with-your-goodness\/","url":"https:\/\/anchorsforlife.org\/you-crown-the-year-with-your-goodness\/","name":"You Crown The Year With Your Goodness | Anchors For Life","isPartOf":{"@id":"https:\/\/anchorsforlife.org\/#website"},"datePublished":"2025-12-31T15:27:33+00:00","dateModified":"2025-12-31T15:32:56+00:00","breadcrumb":{"@id":"https:\/\/anchorsforlife.org\/you-crown-the-year-with-your-goodness\/#breadcrumb"},"inLanguage":"de","potentialAction":[{"@type":"ReadAction","target":["https:\/\/anchorsforlife.org\/you-crown-the-year-with-your-goodness\/"]}]},{"@type":"BreadcrumbList","@id":"https:\/\/anchorsforlife.org\/you-crown-the-year-with-your-goodness\/#breadcrumb","itemListElement":[{"@type":"ListItem","position":1,"name":"Home","item":"https:\/\/anchorsforlife.org\/"},{"@type":"ListItem","position":2,"name":"You Crown The Year With Your Goodness"}]},{"@type":"WebSite","@id":"https:\/\/anchorsforlife.org\/#website","url":"https:\/\/anchorsforlife.org\/","name":"Anker f\u00fcrs Leben","description":"Bibelauslegung Vers f\u00fcr Vers, Andachten und Hilfsmittel f\u00fcr ein christliches Leben","publisher":{"@id":"https:\/\/anchorsforlife.org\/#organization"},"potentialAction":[{"@type":"SearchAction","target":{"@type":"EntryPoint","urlTemplate":"https:\/\/anchorsforlife.org\/?s={search_term_string}"},"query-input":{"@type":"PropertyValueSpecification","valueRequired":true,"valueName":"search_term_string"}}],"inLanguage":"de"},{"@type":"Organization","@id":"https:\/\/anchorsforlife.org\/#organization","name":"Anker f\u00fcrs Leben","url":"https:\/\/anchorsforlife.org\/","logo":{"@type":"ImageObject","inLanguage":"de","@id":"https:\/\/anchorsforlife.org\/#\/schema\/logo\/image\/","url":"https:\/\/i0.wp.com\/anchorsforlife.org\/wp-content\/uploads\/2022\/06\/LOGO-png-3500.png?fit=2750%2C2750&ssl=1","contentUrl":"https:\/\/i0.wp.com\/anchorsforlife.org\/wp-content\/uploads\/2022\/06\/LOGO-png-3500.png?fit=2750%2C2750&ssl=1","width":2750,"height":2750,"caption":"Anchors For Life"},"image":{"@id":"https:\/\/anchorsforlife.org\/#\/schema\/logo\/image\/"},"sameAs":["https:\/\/www.facebook.com\/anchorsforlife","https:\/\/www.youtube.com\/channel\/UCOS7aqmb67cD9TMNy187GRQ"]},{"@type":"Person","@id":"https:\/\/anchorsforlife.org\/#\/schema\/person\/0683e316720176621d45839989b97fe2","name":"Anker f\u00fcrs Leben","image":{"@type":"ImageObject","inLanguage":"de","@id":"https:\/\/secure.gravatar.com\/avatar\/1c63e698e66d39fa8d618ff8729397a2a666717202b9452fa5d16254d6ed5e22?s=96&d=mm&r=g","url":"https:\/\/secure.gravatar.com\/avatar\/1c63e698e66d39fa8d618ff8729397a2a666717202b9452fa5d16254d6ed5e22?s=96&d=mm&r=g","contentUrl":"https:\/\/secure.gravatar.com\/avatar\/1c63e698e66d39fa8d618ff8729397a2a666717202b9452fa5d16254d6ed5e22?s=96&d=mm&r=g","caption":"Anchors For Life"},"url":"https:\/\/anchorsforlife.org\/de\/author\/philberthadley\/"}]}},"jetpack_publicize_connections":[],"jetpack_sharing_enabled":true,"jetpack_featured_media_url":"","_links":{"self":[{"href":"https:\/\/anchorsforlife.org\/de\/wp-json\/wp\/v2\/posts\/2445","targetHints":{"allow":["GET"]}}],"collection":[{"href":"https:\/\/anchorsforlife.org\/de\/wp-json\/wp\/v2\/posts"}],"about":[{"href":"https:\/\/anchorsforlife.org\/de\/wp-json\/wp\/v2\/types\/post"}],"author":[{"embeddable":true,"href":"https:\/\/anchorsforlife.org\/de\/wp-json\/wp\/v2\/users\/1"}],"replies":[{"embeddable":true,"href":"https:\/\/anchorsforlife.org\/de\/wp-json\/wp\/v2\/comments?post=2445"}],"version-history":[{"count":5,"href":"https:\/\/anchorsforlife.org\/de\/wp-json\/wp\/v2\/posts\/2445\/revisions"}],"predecessor-version":[{"id":2453,"href":"https:\/\/anchorsforlife.org\/de\/wp-json\/wp\/v2\/posts\/2445\/revisions\/2453"}],"wp:attachment":[{"href":"https:\/\/anchorsforlife.org\/de\/wp-json\/wp\/v2\/media?parent=2445"}],"wp:term":[{"taxonomy":"category","embeddable":true,"href":"https:\/\/anchorsforlife.org\/de\/wp-json\/wp\/v2\/categories?post=2445"},{"taxonomy":"post_tag","embeddable":true,"href":"https:\/\/anchorsforlife.org\/de\/wp-json\/wp\/v2\/tags?post=2445"}],"curies":[{"name":"wp","href":"https:\/\/api.w.org\/{rel}","templated":true}]}}